{"id":3318,"date":"2019-05-18T16:25:43","date_gmt":"2019-05-18T20:25:43","guid":{"rendered":"https:\/\/afcomunicacion.com\/?p=3318"},"modified":"2019-09-02T19:06:21","modified_gmt":"2019-09-02T23:06:21","slug":"world-vision-and-humano-contribute-to-eliminate-child-violence","status":"publish","type":"post","link":"https:\/\/afcomunicacion.com\/en\/press-room\/world-vision-and-humano-contribute-to-eliminate-child-violence\/","title":{"rendered":"World Vision and Humano contribute to eliminating child violence"},"content":{"rendered":"<p><strong>Santo Domingo May 2019<\/strong>. On Mother&#8217;s Month, World Vision joins the <em>Madres Solidarias<\/em> initiative, from the social responsibility program &#8220;Humano de Coraz\u00f3n&#8221; (Human by Heart) from Grupo Humano, to raise funds in support of the \u201cWe need everything the world to eliminate violence against children.\u201d<\/p>\n<p><em>Madres Solidarias<\/em> is an initiative full of positivism, love, and hope that has been growing and showing the solidarity face of the Dominicans, according to the words of Diomares Musa, Vice President of Marketing, Corporate Development and CSR of Humano, during the presentation of the 4th edition of the collection composed of 8 chains that have a representative saying of each one of the foundations that participate.<\/p>\n<p>The spokesperson of the communication campaign that will support the initiative is the communicator Pamela Sued, who since the first edition has added to this noble cause her charisma and sensitivity, the campaign will have the slogan &#8220;feel her joy, closer to you.&#8221;<\/p>\n<p>For World Vision, being part of the <em>Madres Solidarias<\/em> 2019 collection represents a great help, since each purchase made by a person helps children from the most vulnerable communities in the country receive support for protection against violence.<\/p>\n<p>The chain is made with a copper and bronze base and three gold sheets of 18, 22 and 24 carats, and an extender to adjust its size. The piece was made and imported from Brazil and designed exclusively by the \u201cSkillus\u201d store, with the star symbol of the organization&#8217;s logo that means \u201chope.\u201d<\/p>\n<p>This design consists of 200 units that will have a retail price of RD$ 1,200 that can be purchased through the website www.humanodecorazon.com<\/p>\n<p>World Vision has been in the Dominican Republic for over 30 years, with the purpose of making a significant contribution to the well-being of boys and girls. During all the years of presence in the country, the focus of the organization has been on the promotion, safety, and protection of the rights of children.<\/p>\n<ul>\n<li><strong>Related:<\/strong> <a href=\"https:\/\/afcomunicacion.com\/en\/world-vision-certifies-46-people-on-childrens-rights-and-political-advocacy\/\" target=\"_blank\" rel=\"noopener noreferrer\">World Vision certifies 46 people on Children&#8217;s Rights and Political Advocacy<\/a><\/li>\n<\/ul>\n<p><strong>About Humano de Coraz\u00f3n (Human by Heart)<\/strong><\/p>\n<p>It is the corporate social responsibility program of <a href=\"https:\/\/www.humano.com.do\" target=\"_blank\" rel=\"noopener noreferrer\">Grupo Humano<\/a>, which has the mission of unconditionally supporting the recovery of low-income children affected by diseases of high cost and complexity and permanent living conditions, forging alliances with foundations and prominent institutions in the field of health, returning smiles with full-hearted support.<\/p>\n<p>In the 12 years of the program, they have been able to impact the lives of more than 4,700 children who have sponsored their operations or treatments, or encouraging healthy habits through medical days and educational programs.<\/p>\n<p>Humano de Coraz\u00f3n, with a cumulative social investment of more than RD $ 70 million, has touched the lives of more than 7,000 children through its own actions and the support to those made by the allied foundations.<\/p>\n","protected":false},"excerpt":{"rendered":"<p>Santo Domingo May 2019. On Mother&#8217;s Month, World Vision joins the Madres Solidarias initiative, from the social responsibility program &#8220;Humano de Coraz\u00f3n&#8221; (Human by Heart) from Grupo Humano, to raise funds in support of the \u201cWe need everything the world to eliminate violence against children.\u201d Madres Solidarias is an initiative full of positivism, love, and [&hellip;]<\/p>\n","protected":false},"author":3,"featured_media":3319,"comment_status":"open","ping_status":"open","sticky":false,"template":"","format":"standard","meta":{"content-type":"","_monsterinsights_skip_tracking":false,"_monsterinsights_sitenote_active":false,"_monsterinsights_sitenote_note":"","_monsterinsights_sitenote_category":0,"footnotes":""},"categories":[486],"tags":[489],"class_list":["post-3318","post","type-post","status-publish","format-standard","has-post-thumbnail","hentry","category-press-room","tag-world-vision-en"],"yoast_head":"<!-- This site is optimized with the Yoast SEO Premium plugin v27.5 (Yoast SEO v27.5) - https:\/\/yoast.com\/product\/yoast-seo-premium-wordpress\/ -->\n<title>World Vision and Humano contribute to eliminating child violence<\/title>\n<meta name=\"description\" content=\"During all the years of presence in the country, the focus of the organization has been on the promotion, safety, and protection of the rights of children.\" \/>\n<meta name=\"robots\" content=\"index, follow, max-snippet:-1, max-image-preview:large, max-video-preview:-1\" \/>\n<link rel=\"canonical\" href=\"https:\/\/afcomunicacion.com\/en\/press-room\/world-vision-and-humano-contribute-to-eliminate-child-violence\/\" \/>\n<meta property=\"og:locale\" content=\"en_US\" \/>\n<meta property=\"og:type\" content=\"article\" \/>\n<meta property=\"og:title\" content=\"World Vision and Humano contribute to eliminating child violence\" \/>\n<meta property=\"og:description\" content=\"During all the years of presence in the country, the focus of the organization has been on the promotion, safety, and protection of the rights of children.\" \/>\n<meta property=\"og:url\" content=\"https:\/\/afcomunicacion.com\/en\/press-room\/world-vision-and-humano-contribute-to-eliminate-child-violence\/\" \/>\n<meta property=\"og:site_name\" content=\"AF Comunicaci\u00f3n Estrat\u00e9gica\" \/>\n<meta property=\"article:publisher\" content=\"https:\/\/www.facebook.com\/afcomunicacionestrategica\" \/>\n<meta property=\"article:published_time\" content=\"2019-05-18T20:25:43+00:00\" \/>\n<meta property=\"article:modified_time\" content=\"2019-09-02T23:06:21+00:00\" \/>\n<meta property=\"og:image\" content=\"https:\/\/afcomunicacion.com\/wp-content\/uploads\/2019\/07\/Pamela-Sued.jpg\" \/>\n\t<meta property=\"og:image:width\" content=\"2048\" \/>\n\t<meta property=\"og:image:height\" content=\"2048\" \/>\n\t<meta property=\"og:image:type\" content=\"image\/jpeg\" \/>\n<meta name=\"author\" content=\"Eduard Gottschalk\" \/>\n<meta name=\"twitter:card\" content=\"summary_large_image\" \/>\n<meta name=\"twitter:creator\" content=\"@AFComunicacion\" \/>\n<meta name=\"twitter:site\" content=\"@AFComunicacion\" \/>\n<meta name=\"twitter:label1\" content=\"Written by\" \/>\n\t<meta name=\"twitter:data1\" content=\"Eduard Gottschalk\" \/>\n\t<meta name=\"twitter:label2\" content=\"Est. reading time\" \/>\n\t<meta name=\"twitter:data2\" content=\"2 minutes\" \/>\n<script type=\"application\/ld+json\" class=\"yoast-schema-graph\">{\"@context\":\"https:\\\/\\\/schema.org\",\"@graph\":[{\"@type\":\"Article\",\"@id\":\"https:\\\/\\\/afcomunicacion.com\\\/en\\\/press-room\\\/world-vision-and-humano-contribute-to-eliminate-child-violence\\\/#article\",\"isPartOf\":{\"@id\":\"https:\\\/\\\/afcomunicacion.com\\\/en\\\/press-room\\\/world-vision-and-humano-contribute-to-eliminate-child-violence\\\/\"},\"author\":{\"name\":\"Eduard Gottschalk\",\"@id\":\"https:\\\/\\\/afcomunicacion.com\\\/en\\\/#\\\/schema\\\/person\\\/af82ad47db83b8f3932f19530a369584\"},\"headline\":\"World Vision and Humano contribute to eliminating child violence\",\"datePublished\":\"2019-05-18T20:25:43+00:00\",\"dateModified\":\"2019-09-02T23:06:21+00:00\",\"mainEntityOfPage\":{\"@id\":\"https:\\\/\\\/afcomunicacion.com\\\/en\\\/press-room\\\/world-vision-and-humano-contribute-to-eliminate-child-violence\\\/\"},\"wordCount\":470,\"commentCount\":0,\"publisher\":{\"@id\":\"https:\\\/\\\/afcomunicacion.com\\\/en\\\/#organization\"},\"image\":{\"@id\":\"https:\\\/\\\/afcomunicacion.com\\\/en\\\/press-room\\\/world-vision-and-humano-contribute-to-eliminate-child-violence\\\/#primaryimage\"},\"thumbnailUrl\":\"https:\\\/\\\/afcomunicacion.com\\\/wp-content\\\/uploads\\\/2019\\\/07\\\/Pamela-Sued.jpg\",\"keywords\":[\"World Vision\"],\"articleSection\":[\"Press Room\"],\"inLanguage\":\"en-US\",\"potentialAction\":[{\"@type\":\"CommentAction\",\"name\":\"Comment\",\"target\":[\"https:\\\/\\\/afcomunicacion.com\\\/en\\\/press-room\\\/world-vision-and-humano-contribute-to-eliminate-child-violence\\\/#respond\"]}]},{\"@type\":\"WebPage\",\"@id\":\"https:\\\/\\\/afcomunicacion.com\\\/en\\\/press-room\\\/world-vision-and-humano-contribute-to-eliminate-child-violence\\\/\",\"url\":\"https:\\\/\\\/afcomunicacion.com\\\/en\\\/press-room\\\/world-vision-and-humano-contribute-to-eliminate-child-violence\\\/\",\"name\":\"World Vision and Humano contribute to eliminating child violence\",\"isPartOf\":{\"@id\":\"https:\\\/\\\/afcomunicacion.com\\\/en\\\/#website\"},\"primaryImageOfPage\":{\"@id\":\"https:\\\/\\\/afcomunicacion.com\\\/en\\\/press-room\\\/world-vision-and-humano-contribute-to-eliminate-child-violence\\\/#primaryimage\"},\"image\":{\"@id\":\"https:\\\/\\\/afcomunicacion.com\\\/en\\\/press-room\\\/world-vision-and-humano-contribute-to-eliminate-child-violence\\\/#primaryimage\"},\"thumbnailUrl\":\"https:\\\/\\\/afcomunicacion.com\\\/wp-content\\\/uploads\\\/2019\\\/07\\\/Pamela-Sued.jpg\",\"datePublished\":\"2019-05-18T20:25:43+00:00\",\"dateModified\":\"2019-09-02T23:06:21+00:00\",\"description\":\"During all the years of presence in the country, the focus of the organization has been on the promotion, safety, and protection of the rights of children.\",\"breadcrumb\":{\"@id\":\"https:\\\/\\\/afcomunicacion.com\\\/en\\\/press-room\\\/world-vision-and-humano-contribute-to-eliminate-child-violence\\\/#breadcrumb\"},\"inLanguage\":\"en-US\",\"potentialAction\":[{\"@type\":\"ReadAction\",\"target\":[\"https:\\\/\\\/afcomunicacion.com\\\/en\\\/press-room\\\/world-vision-and-humano-contribute-to-eliminate-child-violence\\\/\"]}]},{\"@type\":\"ImageObject\",\"inLanguage\":\"en-US\",\"@id\":\"https:\\\/\\\/afcomunicacion.com\\\/en\\\/press-room\\\/world-vision-and-humano-contribute-to-eliminate-child-violence\\\/#primaryimage\",\"url\":\"https:\\\/\\\/afcomunicacion.com\\\/wp-content\\\/uploads\\\/2019\\\/07\\\/Pamela-Sued.jpg\",\"contentUrl\":\"https:\\\/\\\/afcomunicacion.com\\\/wp-content\\\/uploads\\\/2019\\\/07\\\/Pamela-Sued.jpg\",\"width\":2048,\"height\":2048},{\"@type\":\"BreadcrumbList\",\"@id\":\"https:\\\/\\\/afcomunicacion.com\\\/en\\\/press-room\\\/world-vision-and-humano-contribute-to-eliminate-child-violence\\\/#breadcrumb\",\"itemListElement\":[{\"@type\":\"ListItem\",\"position\":1,\"name\":\"Portada\",\"item\":\"https:\\\/\\\/afcomunicacion.com\\\/en\\\/\"},{\"@type\":\"ListItem\",\"position\":2,\"name\":\"World Vision and Humano contribute to eliminating child violence\"}]},{\"@type\":\"WebSite\",\"@id\":\"https:\\\/\\\/afcomunicacion.com\\\/en\\\/#website\",\"url\":\"https:\\\/\\\/afcomunicacion.com\\\/en\\\/\",\"name\":\"AF Comunicaci\u00f3n Estrat\u00e9gica\",\"description\":\"Agencia especializada en consultor\u00eda de Comunicaci\u00f3n Estrat\u00e9gica, Relaciones P\u00fablicas y Eventos Corporativos.\",\"publisher\":{\"@id\":\"https:\\\/\\\/afcomunicacion.com\\\/en\\\/#organization\"},\"potentialAction\":[{\"@type\":\"SearchAction\",\"target\":{\"@type\":\"EntryPoint\",\"urlTemplate\":\"https:\\\/\\\/afcomunicacion.com\\\/en\\\/?s={search_term_string}\"},\"query-input\":{\"@type\":\"PropertyValueSpecification\",\"valueRequired\":true,\"valueName\":\"search_term_string\"}}],\"inLanguage\":\"en-US\"},{\"@type\":\"Organization\",\"@id\":\"https:\\\/\\\/afcomunicacion.com\\\/en\\\/#organization\",\"name\":\"AF Comunicaci\u00f3n Estrat\u00e9gica\",\"url\":\"https:\\\/\\\/afcomunicacion.com\\\/en\\\/\",\"logo\":{\"@type\":\"ImageObject\",\"inLanguage\":\"en-US\",\"@id\":\"https:\\\/\\\/afcomunicacion.com\\\/en\\\/#\\\/schema\\\/logo\\\/image\\\/\",\"url\":\"\",\"contentUrl\":\"\",\"caption\":\"AF Comunicaci\u00f3n Estrat\u00e9gica\"},\"image\":{\"@id\":\"https:\\\/\\\/afcomunicacion.com\\\/en\\\/#\\\/schema\\\/logo\\\/image\\\/\"},\"sameAs\":[\"https:\\\/\\\/www.facebook.com\\\/afcomunicacionestrategica\",\"https:\\\/\\\/x.com\\\/AFComunicacion\",\"https:\\\/\\\/www.instagram.com\\\/afcomunicacion\\\/\",\"https:\\\/\\\/www.linkedin.com\\\/company\\\/afcomunicacion\\\/?viewAsMember=true\",\"https:\\\/\\\/www.youtube.com\\\/channel\\\/UCb0JkclVAyd3M9SzeiiNJAg\"]},{\"@type\":\"Person\",\"@id\":\"https:\\\/\\\/afcomunicacion.com\\\/en\\\/#\\\/schema\\\/person\\\/af82ad47db83b8f3932f19530a369584\",\"name\":\"Eduard Gottschalk\",\"image\":{\"@type\":\"ImageObject\",\"inLanguage\":\"en-US\",\"@id\":\"https:\\\/\\\/secure.gravatar.com\\\/avatar\\\/624da6ff424ca7d7cf732a043e93bbc67d30b9f662fe0a5fd54d7b4c21d3af75?s=96&d=mm&r=g\",\"url\":\"https:\\\/\\\/secure.gravatar.com\\\/avatar\\\/624da6ff424ca7d7cf732a043e93bbc67d30b9f662fe0a5fd54d7b4c21d3af75?s=96&d=mm&r=g\",\"contentUrl\":\"https:\\\/\\\/secure.gravatar.com\\\/avatar\\\/624da6ff424ca7d7cf732a043e93bbc67d30b9f662fe0a5fd54d7b4c21d3af75?s=96&d=mm&r=g\",\"caption\":\"Eduard Gottschalk\"},\"url\":\"https:\\\/\\\/afcomunicacion.com\\\/en\\\/author\\\/egottschalk\\\/\"}]}<\/script>\n<!-- \/ Yoast SEO Premium plugin. -->","yoast_head_json":{"title":"World Vision and Humano contribute to eliminating child violence","description":"During all the years of presence in the country, the focus of the organization has been on the promotion, safety, and protection of the rights of children.","robots":{"index":"index","follow":"follow","max-snippet":"max-snippet:-1","max-image-preview":"max-image-preview:large","max-video-preview":"max-video-preview:-1"},"canonical":"https:\/\/afcomunicacion.com\/en\/press-room\/world-vision-and-humano-contribute-to-eliminate-child-violence\/","og_locale":"en_US","og_type":"article","og_title":"World Vision and Humano contribute to eliminating child violence","og_description":"During all the years of presence in the country, the focus of the organization has been on the promotion, safety, and protection of the rights of children.","og_url":"https:\/\/afcomunicacion.com\/en\/press-room\/world-vision-and-humano-contribute-to-eliminate-child-violence\/","og_site_name":"AF Comunicaci\u00f3n Estrat\u00e9gica","article_publisher":"https:\/\/www.facebook.com\/afcomunicacionestrategica","article_published_time":"2019-05-18T20:25:43+00:00","article_modified_time":"2019-09-02T23:06:21+00:00","og_image":[{"width":2048,"height":2048,"url":"https:\/\/afcomunicacion.com\/wp-content\/uploads\/2019\/07\/Pamela-Sued.jpg","type":"image\/jpeg"}],"author":"Eduard Gottschalk","twitter_card":"summary_large_image","twitter_creator":"@AFComunicacion","twitter_site":"@AFComunicacion","twitter_misc":{"Written by":"Eduard Gottschalk","Est. reading time":"2 minutes"},"schema":{"@context":"https:\/\/schema.org","@graph":[{"@type":"Article","@id":"https:\/\/afcomunicacion.com\/en\/press-room\/world-vision-and-humano-contribute-to-eliminate-child-violence\/#article","isPartOf":{"@id":"https:\/\/afcomunicacion.com\/en\/press-room\/world-vision-and-humano-contribute-to-eliminate-child-violence\/"},"author":{"name":"Eduard Gottschalk","@id":"https:\/\/afcomunicacion.com\/en\/#\/schema\/person\/af82ad47db83b8f3932f19530a369584"},"headline":"World Vision and Humano contribute to eliminating child violence","datePublished":"2019-05-18T20:25:43+00:00","dateModified":"2019-09-02T23:06:21+00:00","mainEntityOfPage":{"@id":"https:\/\/afcomunicacion.com\/en\/press-room\/world-vision-and-humano-contribute-to-eliminate-child-violence\/"},"wordCount":470,"commentCount":0,"publisher":{"@id":"https:\/\/afcomunicacion.com\/en\/#organization"},"image":{"@id":"https:\/\/afcomunicacion.com\/en\/press-room\/world-vision-and-humano-contribute-to-eliminate-child-violence\/#primaryimage"},"thumbnailUrl":"https:\/\/afcomunicacion.com\/wp-content\/uploads\/2019\/07\/Pamela-Sued.jpg","keywords":["World Vision"],"articleSection":["Press Room"],"inLanguage":"en-US","potentialAction":[{"@type":"CommentAction","name":"Comment","target":["https:\/\/afcomunicacion.com\/en\/press-room\/world-vision-and-humano-contribute-to-eliminate-child-violence\/#respond"]}]},{"@type":"WebPage","@id":"https:\/\/afcomunicacion.com\/en\/press-room\/world-vision-and-humano-contribute-to-eliminate-child-violence\/","url":"https:\/\/afcomunicacion.com\/en\/press-room\/world-vision-and-humano-contribute-to-eliminate-child-violence\/","name":"World Vision and Humano contribute to eliminating child violence","isPartOf":{"@id":"https:\/\/afcomunicacion.com\/en\/#website"},"primaryImageOfPage":{"@id":"https:\/\/afcomunicacion.com\/en\/press-room\/world-vision-and-humano-contribute-to-eliminate-child-violence\/#primaryimage"},"image":{"@id":"https:\/\/afcomunicacion.com\/en\/press-room\/world-vision-and-humano-contribute-to-eliminate-child-violence\/#primaryimage"},"thumbnailUrl":"https:\/\/afcomunicacion.com\/wp-content\/uploads\/2019\/07\/Pamela-Sued.jpg","datePublished":"2019-05-18T20:25:43+00:00","dateModified":"2019-09-02T23:06:21+00:00","description":"During all the years of presence in the country, the focus of the organization has been on the promotion, safety, and protection of the rights of children.","breadcrumb":{"@id":"https:\/\/afcomunicacion.com\/en\/press-room\/world-vision-and-humano-contribute-to-eliminate-child-violence\/#breadcrumb"},"inLanguage":"en-US","potentialAction":[{"@type":"ReadAction","target":["https:\/\/afcomunicacion.com\/en\/press-room\/world-vision-and-humano-contribute-to-eliminate-child-violence\/"]}]},{"@type":"ImageObject","inLanguage":"en-US","@id":"https:\/\/afcomunicacion.com\/en\/press-room\/world-vision-and-humano-contribute-to-eliminate-child-violence\/#primaryimage","url":"https:\/\/afcomunicacion.com\/wp-content\/uploads\/2019\/07\/Pamela-Sued.jpg","contentUrl":"https:\/\/afcomunicacion.com\/wp-content\/uploads\/2019\/07\/Pamela-Sued.jpg","width":2048,"height":2048},{"@type":"BreadcrumbList","@id":"https:\/\/afcomunicacion.com\/en\/press-room\/world-vision-and-humano-contribute-to-eliminate-child-violence\/#breadcrumb","itemListElement":[{"@type":"ListItem","position":1,"name":"Portada","item":"https:\/\/afcomunicacion.com\/en\/"},{"@type":"ListItem","position":2,"name":"World Vision and Humano contribute to eliminating child violence"}]},{"@type":"WebSite","@id":"https:\/\/afcomunicacion.com\/en\/#website","url":"https:\/\/afcomunicacion.com\/en\/","name":"AF Comunicaci\u00f3n Estrat\u00e9gica","description":"Agencia especializada en consultor\u00eda de Comunicaci\u00f3n Estrat\u00e9gica, Relaciones P\u00fablicas y Eventos Corporativos.","publisher":{"@id":"https:\/\/afcomunicacion.com\/en\/#organization"},"potentialAction":[{"@type":"SearchAction","target":{"@type":"EntryPoint","urlTemplate":"https:\/\/afcomunicacion.com\/en\/?s={search_term_string}"},"query-input":{"@type":"PropertyValueSpecification","valueRequired":true,"valueName":"search_term_string"}}],"inLanguage":"en-US"},{"@type":"Organization","@id":"https:\/\/afcomunicacion.com\/en\/#organization","name":"AF Comunicaci\u00f3n Estrat\u00e9gica","url":"https:\/\/afcomunicacion.com\/en\/","logo":{"@type":"ImageObject","inLanguage":"en-US","@id":"https:\/\/afcomunicacion.com\/en\/#\/schema\/logo\/image\/","url":"","contentUrl":"","caption":"AF Comunicaci\u00f3n Estrat\u00e9gica"},"image":{"@id":"https:\/\/afcomunicacion.com\/en\/#\/schema\/logo\/image\/"},"sameAs":["https:\/\/www.facebook.com\/afcomunicacionestrategica","https:\/\/x.com\/AFComunicacion","https:\/\/www.instagram.com\/afcomunicacion\/","https:\/\/www.linkedin.com\/company\/afcomunicacion\/?viewAsMember=true","https:\/\/www.youtube.com\/channel\/UCb0JkclVAyd3M9SzeiiNJAg"]},{"@type":"Person","@id":"https:\/\/afcomunicacion.com\/en\/#\/schema\/person\/af82ad47db83b8f3932f19530a369584","name":"Eduard Gottschalk","image":{"@type":"ImageObject","inLanguage":"en-US","@id":"https:\/\/secure.gravatar.com\/avatar\/624da6ff424ca7d7cf732a043e93bbc67d30b9f662fe0a5fd54d7b4c21d3af75?s=96&d=mm&r=g","url":"https:\/\/secure.gravatar.com\/avatar\/624da6ff424ca7d7cf732a043e93bbc67d30b9f662fe0a5fd54d7b4c21d3af75?s=96&d=mm&r=g","contentUrl":"https:\/\/secure.gravatar.com\/avatar\/624da6ff424ca7d7cf732a043e93bbc67d30b9f662fe0a5fd54d7b4c21d3af75?s=96&d=mm&r=g","caption":"Eduard Gottschalk"},"url":"https:\/\/afcomunicacion.com\/en\/author\/egottschalk\/"}]}},"_links":{"self":[{"href":"https:\/\/afcomunicacion.com\/en\/wp-json\/wp\/v2\/posts\/3318","targetHints":{"allow":["GET"]}}],"collection":[{"href":"https:\/\/afcomunicacion.com\/en\/wp-json\/wp\/v2\/posts"}],"about":[{"href":"https:\/\/afcomunicacion.com\/en\/wp-json\/wp\/v2\/types\/post"}],"author":[{"embeddable":true,"href":"https:\/\/afcomunicacion.com\/en\/wp-json\/wp\/v2\/users\/3"}],"replies":[{"embeddable":true,"href":"https:\/\/afcomunicacion.com\/en\/wp-json\/wp\/v2\/comments?post=3318"}],"version-history":[{"count":0,"href":"https:\/\/afcomunicacion.com\/en\/wp-json\/wp\/v2\/posts\/3318\/revisions"}],"wp:featuredmedia":[{"embeddable":true,"href":"https:\/\/afcomunicacion.com\/en\/wp-json\/wp\/v2\/media\/3319"}],"wp:attachment":[{"href":"https:\/\/afcomunicacion.com\/en\/wp-json\/wp\/v2\/media?parent=3318"}],"wp:term":[{"taxonomy":"category","embeddable":true,"href":"https:\/\/afcomunicacion.com\/en\/wp-json\/wp\/v2\/categories?post=3318"},{"taxonomy":"post_tag","embeddable":true,"href":"https:\/\/afcomunicacion.com\/en\/wp-json\/wp\/v2\/tags?post=3318"}],"curies":[{"name":"wp","href":"https:\/\/api.w.org\/{rel}","templated":true}]}}