{"id":3409,"date":"2018-11-19T10:28:10","date_gmt":"2018-11-19T14:28:10","guid":{"rendered":"https:\/\/afcomunicacion.com\/?p=3409"},"modified":"2019-09-02T23:06:27","modified_gmt":"2019-09-03T03:06:27","slug":"institutions-unite-for-the-protection-of-children-on-the-safe-use-of-internet","status":"publish","type":"post","link":"https:\/\/afcomunicacion.com\/en\/press-room\/institutions-unite-for-the-protection-of-children-on-the-safe-use-of-internet\/","title":{"rendered":"Institutions unite for the protection of children on the safe use of Internet"},"content":{"rendered":"<p>World Vision, the Inter-American Institute of Children and Adolescents (IIN) of the OAS, the Dominican Institute of Telecommunications (Indotel) and the National Council for Children and Adolescents (CONANI) join forces to move towards a promotion policy and protection of the rights of children and adolescents on the Internet.<\/p>\n<p>For which, the first promotion of adolescents of the Intergenerational Network of Multiplier Agents for the Safe Use of Internet (RIAMUSI), a project implemented by World Vision and the IIN, was certified.<\/p>\n<p>Adolescents, teachers, mothers, fathers and caregivers of the La Paz and Herbal Mirabal educational centers, of Villa Mella, and Santiago Hirujo Sosa and Emma Balaguer, of Sabana Perdida, learned skills that certify them as agents in the safe use of the Internet and contributed in the construction of manuals, protocols and procedures to address the issue.<\/p>\n<p><strong>RIAMUSI reduces risks of children on the Internet<\/strong><\/p>\n<p>Juan Carlo Ram\u00edrez, national director of World Vision, said that the RIAMUSI project contributes to the \u201creduction of the risks to which children and adolescents are exposed and allows to address situations of violation of their rights derived from access and use of the Internet &#8221;<\/p>\n<p>&#8220;We firmly believe that together we can ensure that children and adolescents can use the Internet as a tool to access their rights and manage tools to protect themselves from online risks,&#8221; said Luis Albernaz, representative of the IIN.<\/p>\n<p>In the activity, the book &#8220;Intergenerational Network for the Promotion of the Safe Use of the Internet&#8221; was launched, a methodological proposal of <a href=\"https:\/\/www.worldvision.org\/\" target=\"_blank\" rel=\"noopener noreferrer\">World Vision<\/a> and IIN with a view to making this methodology a public policy.<\/p>\n<ul>\n<li><strong>Related &#8211;<\/strong> <a href=\"https:\/\/afcomunicacion.com\/en\/world-vision-30-years-implementing-programs-to-protect-children\/\" target=\"_blank\" rel=\"noopener noreferrer\">World Vision: 30 years implementing programs to protect children<\/a><\/li>\n<\/ul>\n<p><strong>Indotel-CONANI Agreement<\/strong><\/p>\n<p>During the meeting, Indotel and CONANI signed a collaboration agreement to work together for the online protection of children and adolescents.<\/p>\n<p>From this agreement, signed by Kenya Lora, executive president of CONANI, and Luis Henry Molina, president of the <a href=\"https:\/\/www.indotel.gob.do\" target=\"_blank\" rel=\"noopener noreferrer\">Indotel<\/a> Board of Directors, will promote universal access to ICTs, through programs and projects that contribute to the reduction of the gap digital children and adolescents.<\/p>\n<p>Kenya Lora expressed satisfaction with the signed agreement, since, in its opinion, the Internet and the electronic devices used for access, \u201chave become the basis of communication and development, but their responsible use is equally important because it determines on many levels the coexistence in the home and in the society in which our children and adolescents operate \u201d.<\/p>\n<p>On his side, Luis Henry Molina welcomed the initiative and reaffirmed Indotel&#8217;s commitment to promote the protection of children and adolescents, the closing of the digital divide and the healthy use of the Internet, principles that he said he shared fully with CONANI, \u201cin the framework of the National Digital Republic strategy of the government of President Danilo Medina \u201d.<\/p>\n","protected":false},"excerpt":{"rendered":"<p>World Vision, the Inter-American Institute of Children and Adolescents (IIN) of the OAS, the Dominican Institute of Telecommunications (Indotel) and the National Council for Children and Adolescents (CONANI) join forces to move towards a promotion policy and protection of the rights of children and adolescents on the Internet. For which, the first promotion of adolescents [&hellip;]<\/p>\n","protected":false},"author":3,"featured_media":3410,"comment_status":"open","ping_status":"open","sticky":false,"template":"","format":"standard","meta":{"content-type":"","_monsterinsights_skip_tracking":false,"_monsterinsights_sitenote_active":false,"_monsterinsights_sitenote_note":"","_monsterinsights_sitenote_category":0,"footnotes":""},"categories":[486],"tags":[489],"class_list":["post-3409","post","type-post","status-publish","format-standard","has-post-thumbnail","hentry","category-press-room","tag-world-vision-en"],"yoast_head":"<!-- This site is optimized with the Yoast SEO Premium plugin v27.5 (Yoast SEO v27.5) - https:\/\/yoast.com\/product\/yoast-seo-premium-wordpress\/ -->\n<title>Institutions unite for the protection of children on the safe use of Internet<\/title>\n<meta name=\"description\" content=\"We believe in ensuring that children and adolescents can use the Internet as a tool to access their rights and manage tools to protect themselves.\" \/>\n<meta name=\"robots\" content=\"index, follow, max-snippet:-1, max-image-preview:large, max-video-preview:-1\" \/>\n<link rel=\"canonical\" href=\"https:\/\/afcomunicacion.com\/en\/press-room\/institutions-unite-for-the-protection-of-children-on-the-safe-use-of-internet\/\" \/>\n<meta property=\"og:locale\" content=\"en_US\" \/>\n<meta property=\"og:type\" content=\"article\" \/>\n<meta property=\"og:title\" content=\"Institutions unite for the protection of children on the safe use of Internet\" \/>\n<meta property=\"og:description\" content=\"We believe in ensuring that children and adolescents can use the Internet as a tool to access their rights and manage tools to protect themselves.\" \/>\n<meta property=\"og:url\" content=\"https:\/\/afcomunicacion.com\/en\/press-room\/institutions-unite-for-the-protection-of-children-on-the-safe-use-of-internet\/\" \/>\n<meta property=\"og:site_name\" content=\"AF Comunicaci\u00f3n Estrat\u00e9gica\" \/>\n<meta property=\"article:publisher\" content=\"https:\/\/www.facebook.com\/afcomunicacionestrategica\" \/>\n<meta property=\"article:published_time\" content=\"2018-11-19T14:28:10+00:00\" \/>\n<meta property=\"article:modified_time\" content=\"2019-09-03T03:06:27+00:00\" \/>\n<meta property=\"og:image\" content=\"https:\/\/afcomunicacion.com\/wp-content\/uploads\/2018\/11\/Representantes-de-WV-IIN-Indotel-CONANI-.jpg\" \/>\n\t<meta property=\"og:image:width\" content=\"990\" \/>\n\t<meta property=\"og:image:height\" content=\"768\" \/>\n\t<meta property=\"og:image:type\" content=\"image\/jpeg\" \/>\n<meta name=\"author\" content=\"Eduard Gottschalk\" \/>\n<meta name=\"twitter:card\" content=\"summary_large_image\" \/>\n<meta name=\"twitter:creator\" content=\"@AFComunicacion\" \/>\n<meta name=\"twitter:site\" content=\"@AFComunicacion\" \/>\n<meta name=\"twitter:label1\" content=\"Written by\" \/>\n\t<meta name=\"twitter:data1\" content=\"Eduard Gottschalk\" \/>\n\t<meta name=\"twitter:label2\" content=\"Est. reading time\" \/>\n\t<meta name=\"twitter:data2\" content=\"2 minutes\" \/>\n<script type=\"application\/ld+json\" class=\"yoast-schema-graph\">{\"@context\":\"https:\\\/\\\/schema.org\",\"@graph\":[{\"@type\":\"Article\",\"@id\":\"https:\\\/\\\/afcomunicacion.com\\\/en\\\/press-room\\\/institutions-unite-for-the-protection-of-children-on-the-safe-use-of-internet\\\/#article\",\"isPartOf\":{\"@id\":\"https:\\\/\\\/afcomunicacion.com\\\/en\\\/press-room\\\/institutions-unite-for-the-protection-of-children-on-the-safe-use-of-internet\\\/\"},\"author\":{\"name\":\"Eduard Gottschalk\",\"@id\":\"https:\\\/\\\/afcomunicacion.com\\\/en\\\/#\\\/schema\\\/person\\\/af82ad47db83b8f3932f19530a369584\"},\"headline\":\"Institutions unite for the protection of children on the safe use of Internet\",\"datePublished\":\"2018-11-19T14:28:10+00:00\",\"dateModified\":\"2019-09-03T03:06:27+00:00\",\"mainEntityOfPage\":{\"@id\":\"https:\\\/\\\/afcomunicacion.com\\\/en\\\/press-room\\\/institutions-unite-for-the-protection-of-children-on-the-safe-use-of-internet\\\/\"},\"wordCount\":474,\"commentCount\":0,\"publisher\":{\"@id\":\"https:\\\/\\\/afcomunicacion.com\\\/en\\\/#organization\"},\"image\":{\"@id\":\"https:\\\/\\\/afcomunicacion.com\\\/en\\\/press-room\\\/institutions-unite-for-the-protection-of-children-on-the-safe-use-of-internet\\\/#primaryimage\"},\"thumbnailUrl\":\"https:\\\/\\\/afcomunicacion.com\\\/wp-content\\\/uploads\\\/2018\\\/11\\\/Representantes-de-WV-IIN-Indotel-CONANI-.jpg\",\"keywords\":[\"World Vision\"],\"articleSection\":[\"Press Room\"],\"inLanguage\":\"en-US\",\"potentialAction\":[{\"@type\":\"CommentAction\",\"name\":\"Comment\",\"target\":[\"https:\\\/\\\/afcomunicacion.com\\\/en\\\/press-room\\\/institutions-unite-for-the-protection-of-children-on-the-safe-use-of-internet\\\/#respond\"]}]},{\"@type\":\"WebPage\",\"@id\":\"https:\\\/\\\/afcomunicacion.com\\\/en\\\/press-room\\\/institutions-unite-for-the-protection-of-children-on-the-safe-use-of-internet\\\/\",\"url\":\"https:\\\/\\\/afcomunicacion.com\\\/en\\\/press-room\\\/institutions-unite-for-the-protection-of-children-on-the-safe-use-of-internet\\\/\",\"name\":\"Institutions unite for the protection of children on the safe use of Internet\",\"isPartOf\":{\"@id\":\"https:\\\/\\\/afcomunicacion.com\\\/en\\\/#website\"},\"primaryImageOfPage\":{\"@id\":\"https:\\\/\\\/afcomunicacion.com\\\/en\\\/press-room\\\/institutions-unite-for-the-protection-of-children-on-the-safe-use-of-internet\\\/#primaryimage\"},\"image\":{\"@id\":\"https:\\\/\\\/afcomunicacion.com\\\/en\\\/press-room\\\/institutions-unite-for-the-protection-of-children-on-the-safe-use-of-internet\\\/#primaryimage\"},\"thumbnailUrl\":\"https:\\\/\\\/afcomunicacion.com\\\/wp-content\\\/uploads\\\/2018\\\/11\\\/Representantes-de-WV-IIN-Indotel-CONANI-.jpg\",\"datePublished\":\"2018-11-19T14:28:10+00:00\",\"dateModified\":\"2019-09-03T03:06:27+00:00\",\"description\":\"We believe in ensuring that children and adolescents can use the Internet as a tool to access their rights and manage tools to protect themselves.\",\"breadcrumb\":{\"@id\":\"https:\\\/\\\/afcomunicacion.com\\\/en\\\/press-room\\\/institutions-unite-for-the-protection-of-children-on-the-safe-use-of-internet\\\/#breadcrumb\"},\"inLanguage\":\"en-US\",\"potentialAction\":[{\"@type\":\"ReadAction\",\"target\":[\"https:\\\/\\\/afcomunicacion.com\\\/en\\\/press-room\\\/institutions-unite-for-the-protection-of-children-on-the-safe-use-of-internet\\\/\"]}]},{\"@type\":\"ImageObject\",\"inLanguage\":\"en-US\",\"@id\":\"https:\\\/\\\/afcomunicacion.com\\\/en\\\/press-room\\\/institutions-unite-for-the-protection-of-children-on-the-safe-use-of-internet\\\/#primaryimage\",\"url\":\"https:\\\/\\\/afcomunicacion.com\\\/wp-content\\\/uploads\\\/2018\\\/11\\\/Representantes-de-WV-IIN-Indotel-CONANI-.jpg\",\"contentUrl\":\"https:\\\/\\\/afcomunicacion.com\\\/wp-content\\\/uploads\\\/2018\\\/11\\\/Representantes-de-WV-IIN-Indotel-CONANI-.jpg\",\"width\":990,\"height\":768},{\"@type\":\"BreadcrumbList\",\"@id\":\"https:\\\/\\\/afcomunicacion.com\\\/en\\\/press-room\\\/institutions-unite-for-the-protection-of-children-on-the-safe-use-of-internet\\\/#breadcrumb\",\"itemListElement\":[{\"@type\":\"ListItem\",\"position\":1,\"name\":\"Portada\",\"item\":\"https:\\\/\\\/afcomunicacion.com\\\/en\\\/\"},{\"@type\":\"ListItem\",\"position\":2,\"name\":\"Institutions unite for the protection of children on the safe use of Internet\"}]},{\"@type\":\"WebSite\",\"@id\":\"https:\\\/\\\/afcomunicacion.com\\\/en\\\/#website\",\"url\":\"https:\\\/\\\/afcomunicacion.com\\\/en\\\/\",\"name\":\"AF Comunicaci\u00f3n Estrat\u00e9gica\",\"description\":\"Agencia especializada en consultor\u00eda de Comunicaci\u00f3n Estrat\u00e9gica, Relaciones P\u00fablicas y Eventos Corporativos.\",\"publisher\":{\"@id\":\"https:\\\/\\\/afcomunicacion.com\\\/en\\\/#organization\"},\"potentialAction\":[{\"@type\":\"SearchAction\",\"target\":{\"@type\":\"EntryPoint\",\"urlTemplate\":\"https:\\\/\\\/afcomunicacion.com\\\/en\\\/?s={search_term_string}\"},\"query-input\":{\"@type\":\"PropertyValueSpecification\",\"valueRequired\":true,\"valueName\":\"search_term_string\"}}],\"inLanguage\":\"en-US\"},{\"@type\":\"Organization\",\"@id\":\"https:\\\/\\\/afcomunicacion.com\\\/en\\\/#organization\",\"name\":\"AF Comunicaci\u00f3n Estrat\u00e9gica\",\"url\":\"https:\\\/\\\/afcomunicacion.com\\\/en\\\/\",\"logo\":{\"@type\":\"ImageObject\",\"inLanguage\":\"en-US\",\"@id\":\"https:\\\/\\\/afcomunicacion.com\\\/en\\\/#\\\/schema\\\/logo\\\/image\\\/\",\"url\":\"\",\"contentUrl\":\"\",\"caption\":\"AF Comunicaci\u00f3n Estrat\u00e9gica\"},\"image\":{\"@id\":\"https:\\\/\\\/afcomunicacion.com\\\/en\\\/#\\\/schema\\\/logo\\\/image\\\/\"},\"sameAs\":[\"https:\\\/\\\/www.facebook.com\\\/afcomunicacionestrategica\",\"https:\\\/\\\/x.com\\\/AFComunicacion\",\"https:\\\/\\\/www.instagram.com\\\/afcomunicacion\\\/\",\"https:\\\/\\\/www.linkedin.com\\\/company\\\/afcomunicacion\\\/?viewAsMember=true\",\"https:\\\/\\\/www.youtube.com\\\/channel\\\/UCb0JkclVAyd3M9SzeiiNJAg\"]},{\"@type\":\"Person\",\"@id\":\"https:\\\/\\\/afcomunicacion.com\\\/en\\\/#\\\/schema\\\/person\\\/af82ad47db83b8f3932f19530a369584\",\"name\":\"Eduard Gottschalk\",\"image\":{\"@type\":\"ImageObject\",\"inLanguage\":\"en-US\",\"@id\":\"https:\\\/\\\/secure.gravatar.com\\\/avatar\\\/624da6ff424ca7d7cf732a043e93bbc67d30b9f662fe0a5fd54d7b4c21d3af75?s=96&d=mm&r=g\",\"url\":\"https:\\\/\\\/secure.gravatar.com\\\/avatar\\\/624da6ff424ca7d7cf732a043e93bbc67d30b9f662fe0a5fd54d7b4c21d3af75?s=96&d=mm&r=g\",\"contentUrl\":\"https:\\\/\\\/secure.gravatar.com\\\/avatar\\\/624da6ff424ca7d7cf732a043e93bbc67d30b9f662fe0a5fd54d7b4c21d3af75?s=96&d=mm&r=g\",\"caption\":\"Eduard Gottschalk\"},\"url\":\"https:\\\/\\\/afcomunicacion.com\\\/en\\\/author\\\/egottschalk\\\/\"}]}<\/script>\n<!-- \/ Yoast SEO Premium plugin. -->","yoast_head_json":{"title":"Institutions unite for the protection of children on the safe use of Internet","description":"We believe in ensuring that children and adolescents can use the Internet as a tool to access their rights and manage tools to protect themselves.","robots":{"index":"index","follow":"follow","max-snippet":"max-snippet:-1","max-image-preview":"max-image-preview:large","max-video-preview":"max-video-preview:-1"},"canonical":"https:\/\/afcomunicacion.com\/en\/press-room\/institutions-unite-for-the-protection-of-children-on-the-safe-use-of-internet\/","og_locale":"en_US","og_type":"article","og_title":"Institutions unite for the protection of children on the safe use of Internet","og_description":"We believe in ensuring that children and adolescents can use the Internet as a tool to access their rights and manage tools to protect themselves.","og_url":"https:\/\/afcomunicacion.com\/en\/press-room\/institutions-unite-for-the-protection-of-children-on-the-safe-use-of-internet\/","og_site_name":"AF Comunicaci\u00f3n Estrat\u00e9gica","article_publisher":"https:\/\/www.facebook.com\/afcomunicacionestrategica","article_published_time":"2018-11-19T14:28:10+00:00","article_modified_time":"2019-09-03T03:06:27+00:00","og_image":[{"width":990,"height":768,"url":"https:\/\/afcomunicacion.com\/wp-content\/uploads\/2018\/11\/Representantes-de-WV-IIN-Indotel-CONANI-.jpg","type":"image\/jpeg"}],"author":"Eduard Gottschalk","twitter_card":"summary_large_image","twitter_creator":"@AFComunicacion","twitter_site":"@AFComunicacion","twitter_misc":{"Written by":"Eduard Gottschalk","Est. reading time":"2 minutes"},"schema":{"@context":"https:\/\/schema.org","@graph":[{"@type":"Article","@id":"https:\/\/afcomunicacion.com\/en\/press-room\/institutions-unite-for-the-protection-of-children-on-the-safe-use-of-internet\/#article","isPartOf":{"@id":"https:\/\/afcomunicacion.com\/en\/press-room\/institutions-unite-for-the-protection-of-children-on-the-safe-use-of-internet\/"},"author":{"name":"Eduard Gottschalk","@id":"https:\/\/afcomunicacion.com\/en\/#\/schema\/person\/af82ad47db83b8f3932f19530a369584"},"headline":"Institutions unite for the protection of children on the safe use of Internet","datePublished":"2018-11-19T14:28:10+00:00","dateModified":"2019-09-03T03:06:27+00:00","mainEntityOfPage":{"@id":"https:\/\/afcomunicacion.com\/en\/press-room\/institutions-unite-for-the-protection-of-children-on-the-safe-use-of-internet\/"},"wordCount":474,"commentCount":0,"publisher":{"@id":"https:\/\/afcomunicacion.com\/en\/#organization"},"image":{"@id":"https:\/\/afcomunicacion.com\/en\/press-room\/institutions-unite-for-the-protection-of-children-on-the-safe-use-of-internet\/#primaryimage"},"thumbnailUrl":"https:\/\/afcomunicacion.com\/wp-content\/uploads\/2018\/11\/Representantes-de-WV-IIN-Indotel-CONANI-.jpg","keywords":["World Vision"],"articleSection":["Press Room"],"inLanguage":"en-US","potentialAction":[{"@type":"CommentAction","name":"Comment","target":["https:\/\/afcomunicacion.com\/en\/press-room\/institutions-unite-for-the-protection-of-children-on-the-safe-use-of-internet\/#respond"]}]},{"@type":"WebPage","@id":"https:\/\/afcomunicacion.com\/en\/press-room\/institutions-unite-for-the-protection-of-children-on-the-safe-use-of-internet\/","url":"https:\/\/afcomunicacion.com\/en\/press-room\/institutions-unite-for-the-protection-of-children-on-the-safe-use-of-internet\/","name":"Institutions unite for the protection of children on the safe use of Internet","isPartOf":{"@id":"https:\/\/afcomunicacion.com\/en\/#website"},"primaryImageOfPage":{"@id":"https:\/\/afcomunicacion.com\/en\/press-room\/institutions-unite-for-the-protection-of-children-on-the-safe-use-of-internet\/#primaryimage"},"image":{"@id":"https:\/\/afcomunicacion.com\/en\/press-room\/institutions-unite-for-the-protection-of-children-on-the-safe-use-of-internet\/#primaryimage"},"thumbnailUrl":"https:\/\/afcomunicacion.com\/wp-content\/uploads\/2018\/11\/Representantes-de-WV-IIN-Indotel-CONANI-.jpg","datePublished":"2018-11-19T14:28:10+00:00","dateModified":"2019-09-03T03:06:27+00:00","description":"We believe in ensuring that children and adolescents can use the Internet as a tool to access their rights and manage tools to protect themselves.","breadcrumb":{"@id":"https:\/\/afcomunicacion.com\/en\/press-room\/institutions-unite-for-the-protection-of-children-on-the-safe-use-of-internet\/#breadcrumb"},"inLanguage":"en-US","potentialAction":[{"@type":"ReadAction","target":["https:\/\/afcomunicacion.com\/en\/press-room\/institutions-unite-for-the-protection-of-children-on-the-safe-use-of-internet\/"]}]},{"@type":"ImageObject","inLanguage":"en-US","@id":"https:\/\/afcomunicacion.com\/en\/press-room\/institutions-unite-for-the-protection-of-children-on-the-safe-use-of-internet\/#primaryimage","url":"https:\/\/afcomunicacion.com\/wp-content\/uploads\/2018\/11\/Representantes-de-WV-IIN-Indotel-CONANI-.jpg","contentUrl":"https:\/\/afcomunicacion.com\/wp-content\/uploads\/2018\/11\/Representantes-de-WV-IIN-Indotel-CONANI-.jpg","width":990,"height":768},{"@type":"BreadcrumbList","@id":"https:\/\/afcomunicacion.com\/en\/press-room\/institutions-unite-for-the-protection-of-children-on-the-safe-use-of-internet\/#breadcrumb","itemListElement":[{"@type":"ListItem","position":1,"name":"Portada","item":"https:\/\/afcomunicacion.com\/en\/"},{"@type":"ListItem","position":2,"name":"Institutions unite for the protection of children on the safe use of Internet"}]},{"@type":"WebSite","@id":"https:\/\/afcomunicacion.com\/en\/#website","url":"https:\/\/afcomunicacion.com\/en\/","name":"AF Comunicaci\u00f3n Estrat\u00e9gica","description":"Agencia especializada en consultor\u00eda de Comunicaci\u00f3n Estrat\u00e9gica, Relaciones P\u00fablicas y Eventos Corporativos.","publisher":{"@id":"https:\/\/afcomunicacion.com\/en\/#organization"},"potentialAction":[{"@type":"SearchAction","target":{"@type":"EntryPoint","urlTemplate":"https:\/\/afcomunicacion.com\/en\/?s={search_term_string}"},"query-input":{"@type":"PropertyValueSpecification","valueRequired":true,"valueName":"search_term_string"}}],"inLanguage":"en-US"},{"@type":"Organization","@id":"https:\/\/afcomunicacion.com\/en\/#organization","name":"AF Comunicaci\u00f3n Estrat\u00e9gica","url":"https:\/\/afcomunicacion.com\/en\/","logo":{"@type":"ImageObject","inLanguage":"en-US","@id":"https:\/\/afcomunicacion.com\/en\/#\/schema\/logo\/image\/","url":"","contentUrl":"","caption":"AF Comunicaci\u00f3n Estrat\u00e9gica"},"image":{"@id":"https:\/\/afcomunicacion.com\/en\/#\/schema\/logo\/image\/"},"sameAs":["https:\/\/www.facebook.com\/afcomunicacionestrategica","https:\/\/x.com\/AFComunicacion","https:\/\/www.instagram.com\/afcomunicacion\/","https:\/\/www.linkedin.com\/company\/afcomunicacion\/?viewAsMember=true","https:\/\/www.youtube.com\/channel\/UCb0JkclVAyd3M9SzeiiNJAg"]},{"@type":"Person","@id":"https:\/\/afcomunicacion.com\/en\/#\/schema\/person\/af82ad47db83b8f3932f19530a369584","name":"Eduard Gottschalk","image":{"@type":"ImageObject","inLanguage":"en-US","@id":"https:\/\/secure.gravatar.com\/avatar\/624da6ff424ca7d7cf732a043e93bbc67d30b9f662fe0a5fd54d7b4c21d3af75?s=96&d=mm&r=g","url":"https:\/\/secure.gravatar.com\/avatar\/624da6ff424ca7d7cf732a043e93bbc67d30b9f662fe0a5fd54d7b4c21d3af75?s=96&d=mm&r=g","contentUrl":"https:\/\/secure.gravatar.com\/avatar\/624da6ff424ca7d7cf732a043e93bbc67d30b9f662fe0a5fd54d7b4c21d3af75?s=96&d=mm&r=g","caption":"Eduard Gottschalk"},"url":"https:\/\/afcomunicacion.com\/en\/author\/egottschalk\/"}]}},"_links":{"self":[{"href":"https:\/\/afcomunicacion.com\/en\/wp-json\/wp\/v2\/posts\/3409","targetHints":{"allow":["GET"]}}],"collection":[{"href":"https:\/\/afcomunicacion.com\/en\/wp-json\/wp\/v2\/posts"}],"about":[{"href":"https:\/\/afcomunicacion.com\/en\/wp-json\/wp\/v2\/types\/post"}],"author":[{"embeddable":true,"href":"https:\/\/afcomunicacion.com\/en\/wp-json\/wp\/v2\/users\/3"}],"replies":[{"embeddable":true,"href":"https:\/\/afcomunicacion.com\/en\/wp-json\/wp\/v2\/comments?post=3409"}],"version-history":[{"count":0,"href":"https:\/\/afcomunicacion.com\/en\/wp-json\/wp\/v2\/posts\/3409\/revisions"}],"wp:featuredmedia":[{"embeddable":true,"href":"https:\/\/afcomunicacion.com\/en\/wp-json\/wp\/v2\/media\/3410"}],"wp:attachment":[{"href":"https:\/\/afcomunicacion.com\/en\/wp-json\/wp\/v2\/media?parent=3409"}],"wp:term":[{"taxonomy":"category","embeddable":true,"href":"https:\/\/afcomunicacion.com\/en\/wp-json\/wp\/v2\/categories?post=3409"},{"taxonomy":"post_tag","embeddable":true,"href":"https:\/\/afcomunicacion.com\/en\/wp-json\/wp\/v2\/tags?post=3409"}],"curies":[{"name":"wp","href":"https:\/\/api.w.org\/{rel}","templated":true}]}}