{"id":3554,"date":"2017-11-20T17:40:32","date_gmt":"2017-11-20T21:40:32","guid":{"rendered":"https:\/\/afcomunicacion.com\/?p=3554"},"modified":"2019-09-02T02:17:17","modified_gmt":"2019-09-02T06:17:17","slug":"the-need-for-more-preventive-education-around-alzheimers","status":"publish","type":"post","link":"https:\/\/afcomunicacion.com\/en\/press-room\/the-need-for-more-preventive-education-around-alzheimers\/","title":{"rendered":"The need for more preventive education around Alzheimer&#8217;s"},"content":{"rendered":"<p><strong>One of the reasons why current Alzheimer&#8217;s treatments are often considered ineffective is because they are routinely prescribed for patients with end-stage pathology. They recommend starting at age 60 to visit the specialist doctor periodically.<\/strong><\/p>\n<p><strong>Santo Domingo, November 2017.-<\/strong> Alzheimer&#8217;s is a progressive disorder that impairs people&#8217;s cognitive function, and as the world&#8217;s population grows and has higher life expectancies, this disease extends even further. Alzheimer&#8217;s is the leading cause of dementia and accounts for approximately 65% \u200b\u200bof all dementia in the world.<\/p>\n<p>Cleveland Clinic Florida specialists, stressed that on average, Alzheimer&#8217;s follows a 14-year cycle from the onset of the first symptoms to death. The disease is diagnosed in years 8-10 of that course of evolution. Therefore, to avoid various irreversible lesions in the brain, it is important to see a specialist doctor periodically after 60 years of age.<\/p>\n<p>For Dr. N\u00e9stor Galvez Jim\u00e9nez, president of the department of neurology at Cleveland Clinic Florida, many factors that contribute to the disease being detected late, but most of them can be reduced through public awareness and information.<\/p>\n<p>Some patients resist medical attention in the early stages because they assume that memory loss is a normal part of aging, fear a stigmatizing label or because they are poorly informed to believe that Alzheimer&#8217;s disease cannot be treated, he says.<\/p>\n<p>\u201cThe late detection of Alzheimer&#8217;s has many negative consequences. For example, one of the reasons why current treatments are often considered ineffective is because they are routinely prescribed for patients with end-stage pathology who already have massive brain damage, \u201dhe explains.<\/p>\n<p>&#8220;With earlier intervention, treatment can be given to patients with healthier brains, many of whom will respond more vigorously to the recommended therapy,&#8221; warns the Cleveland Clinic Florida specialist.<\/p>\n<p>Although there is no cure for Alzheimer&#8217;s disease today, there are effective treatments based on a good diet, physical exercise, social commitment, and certain medications, with which many patients (especially those detected at an early stage) can significantly alter the course of Alzheimer&#8217;s and preserve their quality of life.<\/p>\n<p>There are well-identified risk factors for Alzheimer&#8217;s disease. These include diabetes, head injuries, smoking, poor diet, lethargy, and isolation. With greater awareness of these facts, it is possible to guide informative efforts so that people with diabetes take more care to control their blood sugar level, use appropriate equipment for recreational activities that can cause head trauma, reduce tobacco consumption, eat more fruits and vegetables and redouble efforts to get regular exercise.<\/p>\n<p>Alzheimer&#8217;s is currently the sixth-leading cause of death practically throughout the continent and is constantly increasing in the ranking.<\/p>\n<p><strong>Taking care of heart health helps the brain stay healthy<\/strong><\/p>\n<p><a href=\"https:\/\/my.clevelandclinic.org\/florida\" target=\"_blank\" rel=\"noopener noreferrer\">Cleveland Clinic Florida<\/a> specialists warn that insufficient oxygen levels in the tissues caused by altered blood flow (hypoxia), can favor the development of Alzheimer&#8217;s disease because the brain is especially vulnerable to the effects of poor blood supply.<\/p>\n<p>On this aspect, Dr. N\u00e9stor Galvez Jim\u00e9nez, emphasizes that the health of the brain is closely linked to the health of the body, particularly that of the heart. For example, high cholesterol, high blood pressure, and obesity carry a higher risk of cognitive impairment. The mechanisms that maintain the flow of oxygen-rich blood through your body play a key role in maintaining a healthy brain.<\/p>\n<p>\u201cThere is a close association between vascular health and cognitive health. Maintaining good vascular health will help people get older with cognitive vitality, \u201dhe emphasizes.<\/p>\n<p>According to Dr. Galvez, neurodegenerative diseases, such as Alzheimer&#8217;s disease, generate alterations of consciousness as an affectation of recent memory (loss of knowledge of events that have happened in a near period of time and that cannot be adequately remembered or not they can be given &#8220;clues&#8221; to recognize and identify them through memory), and difficulty in orientation.<\/p>\n<p>Likewise, alterations in the capacity of learning (not being able to learn new things, such as playing an instrument or learning to use a new device, video recorders, telephones or the computer) and loss of calculation capabilities (not being able to calculate numerically how much money you need to do the shopping in the market).<\/p>\n<p>Also, these changes may be accompanied by changes in mood, such as deep sadness, aggressiveness, disinhibition, or unexplained euphoria.<\/p>\n<ul>\n<li><strong>Related:<\/strong> <a href=\"https:\/\/afcomunicacion.com\/en\/u-s-news-world-report-ranks-cleveland-clinic-as-2-amongst-u-s-hospitals\/\" target=\"_blank\" rel=\"noopener noreferrer\">U.S. News &amp; World Report ranks Cleveland Clinic as #2 amongst U.S. hospitals<\/a><\/li>\n<\/ul>\n","protected":false},"excerpt":{"rendered":"<p>One of the reasons why current Alzheimer&#8217;s treatments are often considered ineffective is because they are routinely prescribed for patients with end-stage pathology. They recommend starting at age 60 to visit the specialist doctor periodically. Santo Domingo, November 2017.- Alzheimer&#8217;s is a progressive disorder that impairs people&#8217;s cognitive function, and as the world&#8217;s population grows [&hellip;]<\/p>\n","protected":false},"author":3,"featured_media":3558,"comment_status":"open","ping_status":"open","sticky":false,"template":"","format":"standard","meta":{"content-type":"","_monsterinsights_skip_tracking":false,"_monsterinsights_sitenote_active":false,"_monsterinsights_sitenote_note":"","_monsterinsights_sitenote_category":0,"footnotes":""},"categories":[486],"tags":[539],"class_list":["post-3554","post","type-post","status-publish","format-standard","has-post-thumbnail","hentry","category-press-room","tag-cleveland-clinic-en"],"yoast_head":"<!-- This site is optimized with the Yoast SEO Premium plugin v27.5 (Yoast SEO v27.5) - https:\/\/yoast.com\/product\/yoast-seo-premium-wordpress\/ -->\n<title>The need for more preventive education around Alzheimer&#039;s<\/title>\n<meta name=\"description\" content=\"With earlier intervention, treatment can be given to patients with healthier brains, many of whom will respond more vigorously to the recommended therapy.\" \/>\n<meta name=\"robots\" content=\"index, follow, max-snippet:-1, max-image-preview:large, max-video-preview:-1\" \/>\n<link rel=\"canonical\" href=\"https:\/\/afcomunicacion.com\/en\/press-room\/the-need-for-more-preventive-education-around-alzheimers\/\" \/>\n<meta property=\"og:locale\" content=\"en_US\" \/>\n<meta property=\"og:type\" content=\"article\" \/>\n<meta property=\"og:title\" content=\"The need for more preventive education around Alzheimer&#039;s\" \/>\n<meta property=\"og:description\" content=\"With earlier intervention, treatment can be given to patients with healthier brains, many of whom will respond more vigorously to the recommended therapy.\" \/>\n<meta property=\"og:url\" content=\"https:\/\/afcomunicacion.com\/en\/press-room\/the-need-for-more-preventive-education-around-alzheimers\/\" \/>\n<meta property=\"og:site_name\" content=\"AF Comunicaci\u00f3n Estrat\u00e9gica\" \/>\n<meta property=\"article:publisher\" content=\"https:\/\/www.facebook.com\/afcomunicacionestrategica\" \/>\n<meta property=\"article:published_time\" content=\"2017-11-20T21:40:32+00:00\" \/>\n<meta property=\"article:modified_time\" content=\"2019-09-02T06:17:17+00:00\" \/>\n<meta property=\"og:image\" content=\"https:\/\/afcomunicacion.com\/wp-content\/uploads\/2017\/11\/Alzheimer-1.jpg\" \/>\n\t<meta property=\"og:image:width\" content=\"1280\" \/>\n\t<meta property=\"og:image:height\" content=\"850\" \/>\n\t<meta property=\"og:image:type\" content=\"image\/jpeg\" \/>\n<meta name=\"author\" content=\"Eduard Gottschalk\" \/>\n<meta name=\"twitter:card\" content=\"summary_large_image\" \/>\n<meta name=\"twitter:creator\" content=\"@AFComunicacion\" \/>\n<meta name=\"twitter:site\" content=\"@AFComunicacion\" \/>\n<meta name=\"twitter:label1\" content=\"Written by\" \/>\n\t<meta name=\"twitter:data1\" content=\"Eduard Gottschalk\" \/>\n\t<meta name=\"twitter:label2\" content=\"Est. reading time\" \/>\n\t<meta name=\"twitter:data2\" content=\"4 minutes\" \/>\n<script type=\"application\/ld+json\" class=\"yoast-schema-graph\">{\"@context\":\"https:\\\/\\\/schema.org\",\"@graph\":[{\"@type\":\"Article\",\"@id\":\"https:\\\/\\\/afcomunicacion.com\\\/en\\\/press-room\\\/the-need-for-more-preventive-education-around-alzheimers\\\/#article\",\"isPartOf\":{\"@id\":\"https:\\\/\\\/afcomunicacion.com\\\/en\\\/press-room\\\/the-need-for-more-preventive-education-around-alzheimers\\\/\"},\"author\":{\"name\":\"Eduard Gottschalk\",\"@id\":\"https:\\\/\\\/afcomunicacion.com\\\/en\\\/#\\\/schema\\\/person\\\/af82ad47db83b8f3932f19530a369584\"},\"headline\":\"The need for more preventive education around Alzheimer&#8217;s\",\"datePublished\":\"2017-11-20T21:40:32+00:00\",\"dateModified\":\"2019-09-02T06:17:17+00:00\",\"mainEntityOfPage\":{\"@id\":\"https:\\\/\\\/afcomunicacion.com\\\/en\\\/press-room\\\/the-need-for-more-preventive-education-around-alzheimers\\\/\"},\"wordCount\":737,\"commentCount\":0,\"publisher\":{\"@id\":\"https:\\\/\\\/afcomunicacion.com\\\/en\\\/#organization\"},\"image\":{\"@id\":\"https:\\\/\\\/afcomunicacion.com\\\/en\\\/press-room\\\/the-need-for-more-preventive-education-around-alzheimers\\\/#primaryimage\"},\"thumbnailUrl\":\"https:\\\/\\\/afcomunicacion.com\\\/wp-content\\\/uploads\\\/2017\\\/11\\\/Alzheimer-1.jpg\",\"keywords\":[\"Cleveland Clinic\"],\"articleSection\":[\"Press Room\"],\"inLanguage\":\"en-US\",\"potentialAction\":[{\"@type\":\"CommentAction\",\"name\":\"Comment\",\"target\":[\"https:\\\/\\\/afcomunicacion.com\\\/en\\\/press-room\\\/the-need-for-more-preventive-education-around-alzheimers\\\/#respond\"]}]},{\"@type\":\"WebPage\",\"@id\":\"https:\\\/\\\/afcomunicacion.com\\\/en\\\/press-room\\\/the-need-for-more-preventive-education-around-alzheimers\\\/\",\"url\":\"https:\\\/\\\/afcomunicacion.com\\\/en\\\/press-room\\\/the-need-for-more-preventive-education-around-alzheimers\\\/\",\"name\":\"The need for more preventive education around Alzheimer's\",\"isPartOf\":{\"@id\":\"https:\\\/\\\/afcomunicacion.com\\\/en\\\/#website\"},\"primaryImageOfPage\":{\"@id\":\"https:\\\/\\\/afcomunicacion.com\\\/en\\\/press-room\\\/the-need-for-more-preventive-education-around-alzheimers\\\/#primaryimage\"},\"image\":{\"@id\":\"https:\\\/\\\/afcomunicacion.com\\\/en\\\/press-room\\\/the-need-for-more-preventive-education-around-alzheimers\\\/#primaryimage\"},\"thumbnailUrl\":\"https:\\\/\\\/afcomunicacion.com\\\/wp-content\\\/uploads\\\/2017\\\/11\\\/Alzheimer-1.jpg\",\"datePublished\":\"2017-11-20T21:40:32+00:00\",\"dateModified\":\"2019-09-02T06:17:17+00:00\",\"description\":\"With earlier intervention, treatment can be given to patients with healthier brains, many of whom will respond more vigorously to the recommended therapy.\",\"breadcrumb\":{\"@id\":\"https:\\\/\\\/afcomunicacion.com\\\/en\\\/press-room\\\/the-need-for-more-preventive-education-around-alzheimers\\\/#breadcrumb\"},\"inLanguage\":\"en-US\",\"potentialAction\":[{\"@type\":\"ReadAction\",\"target\":[\"https:\\\/\\\/afcomunicacion.com\\\/en\\\/press-room\\\/the-need-for-more-preventive-education-around-alzheimers\\\/\"]}]},{\"@type\":\"ImageObject\",\"inLanguage\":\"en-US\",\"@id\":\"https:\\\/\\\/afcomunicacion.com\\\/en\\\/press-room\\\/the-need-for-more-preventive-education-around-alzheimers\\\/#primaryimage\",\"url\":\"https:\\\/\\\/afcomunicacion.com\\\/wp-content\\\/uploads\\\/2017\\\/11\\\/Alzheimer-1.jpg\",\"contentUrl\":\"https:\\\/\\\/afcomunicacion.com\\\/wp-content\\\/uploads\\\/2017\\\/11\\\/Alzheimer-1.jpg\",\"width\":1280,\"height\":850},{\"@type\":\"BreadcrumbList\",\"@id\":\"https:\\\/\\\/afcomunicacion.com\\\/en\\\/press-room\\\/the-need-for-more-preventive-education-around-alzheimers\\\/#breadcrumb\",\"itemListElement\":[{\"@type\":\"ListItem\",\"position\":1,\"name\":\"Portada\",\"item\":\"https:\\\/\\\/afcomunicacion.com\\\/en\\\/\"},{\"@type\":\"ListItem\",\"position\":2,\"name\":\"The need for more preventive education around Alzheimer&#8217;s\"}]},{\"@type\":\"WebSite\",\"@id\":\"https:\\\/\\\/afcomunicacion.com\\\/en\\\/#website\",\"url\":\"https:\\\/\\\/afcomunicacion.com\\\/en\\\/\",\"name\":\"AF Comunicaci\u00f3n Estrat\u00e9gica\",\"description\":\"Agencia especializada en consultor\u00eda de Comunicaci\u00f3n Estrat\u00e9gica, Relaciones P\u00fablicas y Eventos Corporativos.\",\"publisher\":{\"@id\":\"https:\\\/\\\/afcomunicacion.com\\\/en\\\/#organization\"},\"potentialAction\":[{\"@type\":\"SearchAction\",\"target\":{\"@type\":\"EntryPoint\",\"urlTemplate\":\"https:\\\/\\\/afcomunicacion.com\\\/en\\\/?s={search_term_string}\"},\"query-input\":{\"@type\":\"PropertyValueSpecification\",\"valueRequired\":true,\"valueName\":\"search_term_string\"}}],\"inLanguage\":\"en-US\"},{\"@type\":\"Organization\",\"@id\":\"https:\\\/\\\/afcomunicacion.com\\\/en\\\/#organization\",\"name\":\"AF Comunicaci\u00f3n Estrat\u00e9gica\",\"url\":\"https:\\\/\\\/afcomunicacion.com\\\/en\\\/\",\"logo\":{\"@type\":\"ImageObject\",\"inLanguage\":\"en-US\",\"@id\":\"https:\\\/\\\/afcomunicacion.com\\\/en\\\/#\\\/schema\\\/logo\\\/image\\\/\",\"url\":\"\",\"contentUrl\":\"\",\"caption\":\"AF Comunicaci\u00f3n Estrat\u00e9gica\"},\"image\":{\"@id\":\"https:\\\/\\\/afcomunicacion.com\\\/en\\\/#\\\/schema\\\/logo\\\/image\\\/\"},\"sameAs\":[\"https:\\\/\\\/www.facebook.com\\\/afcomunicacionestrategica\",\"https:\\\/\\\/x.com\\\/AFComunicacion\",\"https:\\\/\\\/www.instagram.com\\\/afcomunicacion\\\/\",\"https:\\\/\\\/www.linkedin.com\\\/company\\\/afcomunicacion\\\/?viewAsMember=true\",\"https:\\\/\\\/www.youtube.com\\\/channel\\\/UCb0JkclVAyd3M9SzeiiNJAg\"]},{\"@type\":\"Person\",\"@id\":\"https:\\\/\\\/afcomunicacion.com\\\/en\\\/#\\\/schema\\\/person\\\/af82ad47db83b8f3932f19530a369584\",\"name\":\"Eduard Gottschalk\",\"image\":{\"@type\":\"ImageObject\",\"inLanguage\":\"en-US\",\"@id\":\"https:\\\/\\\/secure.gravatar.com\\\/avatar\\\/624da6ff424ca7d7cf732a043e93bbc67d30b9f662fe0a5fd54d7b4c21d3af75?s=96&d=mm&r=g\",\"url\":\"https:\\\/\\\/secure.gravatar.com\\\/avatar\\\/624da6ff424ca7d7cf732a043e93bbc67d30b9f662fe0a5fd54d7b4c21d3af75?s=96&d=mm&r=g\",\"contentUrl\":\"https:\\\/\\\/secure.gravatar.com\\\/avatar\\\/624da6ff424ca7d7cf732a043e93bbc67d30b9f662fe0a5fd54d7b4c21d3af75?s=96&d=mm&r=g\",\"caption\":\"Eduard Gottschalk\"},\"url\":\"https:\\\/\\\/afcomunicacion.com\\\/en\\\/author\\\/egottschalk\\\/\"}]}<\/script>\n<!-- \/ Yoast SEO Premium plugin. -->","yoast_head_json":{"title":"The need for more preventive education around Alzheimer's","description":"With earlier intervention, treatment can be given to patients with healthier brains, many of whom will respond more vigorously to the recommended therapy.","robots":{"index":"index","follow":"follow","max-snippet":"max-snippet:-1","max-image-preview":"max-image-preview:large","max-video-preview":"max-video-preview:-1"},"canonical":"https:\/\/afcomunicacion.com\/en\/press-room\/the-need-for-more-preventive-education-around-alzheimers\/","og_locale":"en_US","og_type":"article","og_title":"The need for more preventive education around Alzheimer's","og_description":"With earlier intervention, treatment can be given to patients with healthier brains, many of whom will respond more vigorously to the recommended therapy.","og_url":"https:\/\/afcomunicacion.com\/en\/press-room\/the-need-for-more-preventive-education-around-alzheimers\/","og_site_name":"AF Comunicaci\u00f3n Estrat\u00e9gica","article_publisher":"https:\/\/www.facebook.com\/afcomunicacionestrategica","article_published_time":"2017-11-20T21:40:32+00:00","article_modified_time":"2019-09-02T06:17:17+00:00","og_image":[{"width":1280,"height":850,"url":"https:\/\/afcomunicacion.com\/wp-content\/uploads\/2017\/11\/Alzheimer-1.jpg","type":"image\/jpeg"}],"author":"Eduard Gottschalk","twitter_card":"summary_large_image","twitter_creator":"@AFComunicacion","twitter_site":"@AFComunicacion","twitter_misc":{"Written by":"Eduard Gottschalk","Est. reading time":"4 minutes"},"schema":{"@context":"https:\/\/schema.org","@graph":[{"@type":"Article","@id":"https:\/\/afcomunicacion.com\/en\/press-room\/the-need-for-more-preventive-education-around-alzheimers\/#article","isPartOf":{"@id":"https:\/\/afcomunicacion.com\/en\/press-room\/the-need-for-more-preventive-education-around-alzheimers\/"},"author":{"name":"Eduard Gottschalk","@id":"https:\/\/afcomunicacion.com\/en\/#\/schema\/person\/af82ad47db83b8f3932f19530a369584"},"headline":"The need for more preventive education around Alzheimer&#8217;s","datePublished":"2017-11-20T21:40:32+00:00","dateModified":"2019-09-02T06:17:17+00:00","mainEntityOfPage":{"@id":"https:\/\/afcomunicacion.com\/en\/press-room\/the-need-for-more-preventive-education-around-alzheimers\/"},"wordCount":737,"commentCount":0,"publisher":{"@id":"https:\/\/afcomunicacion.com\/en\/#organization"},"image":{"@id":"https:\/\/afcomunicacion.com\/en\/press-room\/the-need-for-more-preventive-education-around-alzheimers\/#primaryimage"},"thumbnailUrl":"https:\/\/afcomunicacion.com\/wp-content\/uploads\/2017\/11\/Alzheimer-1.jpg","keywords":["Cleveland Clinic"],"articleSection":["Press Room"],"inLanguage":"en-US","potentialAction":[{"@type":"CommentAction","name":"Comment","target":["https:\/\/afcomunicacion.com\/en\/press-room\/the-need-for-more-preventive-education-around-alzheimers\/#respond"]}]},{"@type":"WebPage","@id":"https:\/\/afcomunicacion.com\/en\/press-room\/the-need-for-more-preventive-education-around-alzheimers\/","url":"https:\/\/afcomunicacion.com\/en\/press-room\/the-need-for-more-preventive-education-around-alzheimers\/","name":"The need for more preventive education around Alzheimer's","isPartOf":{"@id":"https:\/\/afcomunicacion.com\/en\/#website"},"primaryImageOfPage":{"@id":"https:\/\/afcomunicacion.com\/en\/press-room\/the-need-for-more-preventive-education-around-alzheimers\/#primaryimage"},"image":{"@id":"https:\/\/afcomunicacion.com\/en\/press-room\/the-need-for-more-preventive-education-around-alzheimers\/#primaryimage"},"thumbnailUrl":"https:\/\/afcomunicacion.com\/wp-content\/uploads\/2017\/11\/Alzheimer-1.jpg","datePublished":"2017-11-20T21:40:32+00:00","dateModified":"2019-09-02T06:17:17+00:00","description":"With earlier intervention, treatment can be given to patients with healthier brains, many of whom will respond more vigorously to the recommended therapy.","breadcrumb":{"@id":"https:\/\/afcomunicacion.com\/en\/press-room\/the-need-for-more-preventive-education-around-alzheimers\/#breadcrumb"},"inLanguage":"en-US","potentialAction":[{"@type":"ReadAction","target":["https:\/\/afcomunicacion.com\/en\/press-room\/the-need-for-more-preventive-education-around-alzheimers\/"]}]},{"@type":"ImageObject","inLanguage":"en-US","@id":"https:\/\/afcomunicacion.com\/en\/press-room\/the-need-for-more-preventive-education-around-alzheimers\/#primaryimage","url":"https:\/\/afcomunicacion.com\/wp-content\/uploads\/2017\/11\/Alzheimer-1.jpg","contentUrl":"https:\/\/afcomunicacion.com\/wp-content\/uploads\/2017\/11\/Alzheimer-1.jpg","width":1280,"height":850},{"@type":"BreadcrumbList","@id":"https:\/\/afcomunicacion.com\/en\/press-room\/the-need-for-more-preventive-education-around-alzheimers\/#breadcrumb","itemListElement":[{"@type":"ListItem","position":1,"name":"Portada","item":"https:\/\/afcomunicacion.com\/en\/"},{"@type":"ListItem","position":2,"name":"The need for more preventive education around Alzheimer&#8217;s"}]},{"@type":"WebSite","@id":"https:\/\/afcomunicacion.com\/en\/#website","url":"https:\/\/afcomunicacion.com\/en\/","name":"AF Comunicaci\u00f3n Estrat\u00e9gica","description":"Agencia especializada en consultor\u00eda de Comunicaci\u00f3n Estrat\u00e9gica, Relaciones P\u00fablicas y Eventos Corporativos.","publisher":{"@id":"https:\/\/afcomunicacion.com\/en\/#organization"},"potentialAction":[{"@type":"SearchAction","target":{"@type":"EntryPoint","urlTemplate":"https:\/\/afcomunicacion.com\/en\/?s={search_term_string}"},"query-input":{"@type":"PropertyValueSpecification","valueRequired":true,"valueName":"search_term_string"}}],"inLanguage":"en-US"},{"@type":"Organization","@id":"https:\/\/afcomunicacion.com\/en\/#organization","name":"AF Comunicaci\u00f3n Estrat\u00e9gica","url":"https:\/\/afcomunicacion.com\/en\/","logo":{"@type":"ImageObject","inLanguage":"en-US","@id":"https:\/\/afcomunicacion.com\/en\/#\/schema\/logo\/image\/","url":"","contentUrl":"","caption":"AF Comunicaci\u00f3n Estrat\u00e9gica"},"image":{"@id":"https:\/\/afcomunicacion.com\/en\/#\/schema\/logo\/image\/"},"sameAs":["https:\/\/www.facebook.com\/afcomunicacionestrategica","https:\/\/x.com\/AFComunicacion","https:\/\/www.instagram.com\/afcomunicacion\/","https:\/\/www.linkedin.com\/company\/afcomunicacion\/?viewAsMember=true","https:\/\/www.youtube.com\/channel\/UCb0JkclVAyd3M9SzeiiNJAg"]},{"@type":"Person","@id":"https:\/\/afcomunicacion.com\/en\/#\/schema\/person\/af82ad47db83b8f3932f19530a369584","name":"Eduard Gottschalk","image":{"@type":"ImageObject","inLanguage":"en-US","@id":"https:\/\/secure.gravatar.com\/avatar\/624da6ff424ca7d7cf732a043e93bbc67d30b9f662fe0a5fd54d7b4c21d3af75?s=96&d=mm&r=g","url":"https:\/\/secure.gravatar.com\/avatar\/624da6ff424ca7d7cf732a043e93bbc67d30b9f662fe0a5fd54d7b4c21d3af75?s=96&d=mm&r=g","contentUrl":"https:\/\/secure.gravatar.com\/avatar\/624da6ff424ca7d7cf732a043e93bbc67d30b9f662fe0a5fd54d7b4c21d3af75?s=96&d=mm&r=g","caption":"Eduard Gottschalk"},"url":"https:\/\/afcomunicacion.com\/en\/author\/egottschalk\/"}]}},"_links":{"self":[{"href":"https:\/\/afcomunicacion.com\/en\/wp-json\/wp\/v2\/posts\/3554","targetHints":{"allow":["GET"]}}],"collection":[{"href":"https:\/\/afcomunicacion.com\/en\/wp-json\/wp\/v2\/posts"}],"about":[{"href":"https:\/\/afcomunicacion.com\/en\/wp-json\/wp\/v2\/types\/post"}],"author":[{"embeddable":true,"href":"https:\/\/afcomunicacion.com\/en\/wp-json\/wp\/v2\/users\/3"}],"replies":[{"embeddable":true,"href":"https:\/\/afcomunicacion.com\/en\/wp-json\/wp\/v2\/comments?post=3554"}],"version-history":[{"count":0,"href":"https:\/\/afcomunicacion.com\/en\/wp-json\/wp\/v2\/posts\/3554\/revisions"}],"wp:featuredmedia":[{"embeddable":true,"href":"https:\/\/afcomunicacion.com\/en\/wp-json\/wp\/v2\/media\/3558"}],"wp:attachment":[{"href":"https:\/\/afcomunicacion.com\/en\/wp-json\/wp\/v2\/media?parent=3554"}],"wp:term":[{"taxonomy":"category","embeddable":true,"href":"https:\/\/afcomunicacion.com\/en\/wp-json\/wp\/v2\/categories?post=3554"},{"taxonomy":"post_tag","embeddable":true,"href":"https:\/\/afcomunicacion.com\/en\/wp-json\/wp\/v2\/tags?post=3554"}],"curies":[{"name":"wp","href":"https:\/\/api.w.org\/{rel}","templated":true}]}}