{"id":3555,"date":"2017-11-20T17:25:32","date_gmt":"2017-11-20T21:25:32","guid":{"rendered":"https:\/\/afcomunicacion.com\/?p=3555"},"modified":"2019-09-02T02:11:46","modified_gmt":"2019-09-02T06:11:46","slug":"banco-promerica-presents-new-executive-president","status":"publish","type":"post","link":"https:\/\/afcomunicacion.com\/en\/press-room\/banco-promerica-presents-new-executive-president\/","title":{"rendered":"Banco Promerica presents new executive president"},"content":{"rendered":"<blockquote>\n<ul>\n<li>With the incorporation of Carlos Julio Camilo, Banco Promerica seeks to continue expanding its successful regional business model in the Dominican Republic.<\/li>\n<li>Hampton Castillo Landry, after a successful stage of 16 years leading the institution, will become the regional representative of Grupo Promerica in the Dominican Republic.<\/li>\n<\/ul>\n<p><strong>Santo Domingo Dominican Republi<\/strong>c. &#8211; With the objective of continuing to boost its growth and consolidation in the Dominican market, Banco Promerica Dominican Republic announced the integration of its new Executive President, Carlos Julio Camilo, who has more than 15 years of experience in the financial sector.<\/p>\n<p>Promerica executives reported that with the appointment of its new Executive President, the institution is launching into a new stage of sustainable growth, supported as it always has been, due to the solvency, innovation and know-how of Grupo Promerica, one of the most important financial groups in Latin America, as well as the experience and local knowledge of the team of executives and collaborators of Banco Promerica Dominican Republic. With this designation, Grupo Promerica ratifies its commitment to continue expanding and developing in the Dominican Republic.<\/p>\n<p>Likewise, it relaunches its intention to reach a leading position in the Dominican market, as it has done in each of the other countries where it operates, through a business model focused on offering long-term financial solutions for its local and regional clients, in a dynamic, accessible and close way, based on a relationship of mutual trust.<\/p>\n<ul>\n<li><strong>Related:<\/strong> <a href=\"https:\/\/afcomunicacion.com\/en\/banco-promerica-copa-airlines-and-visa-launches-shared-credit-card\/\" target=\"_blank\" rel=\"noopener noreferrer\">Banco Promerica, Copa Airlines, and Visa launches shared credit card<\/a><\/li>\n<\/ul>\n<p>&#8220;In his successful professional career, Carlos Julio Camilo has worked in important management positions in the areas of Risks, Business, Treasury and Finance of local banks, in addition to having worked as a structuring of financial products in London, United Kingdom,&#8221; they gave Meet the executives.<\/p>\n<p>Mr. Camilo is a Summa Cum Laude graduate from the Economics Institute of the Technological Institute of Santo Domingo (INTEC), with an MBA from the University of Chicago, and a Master in Applied Macroeconomics from the Pontifical Catholic University of Chile.<\/p>\n<p>On the other hand, Hampton Castillo Landry will occupy the position of regional representative with a seat in the Dominican Republic of the Promerica Financial Corporation Group (PFC), holding of the Promerica Group, remaining as a Member of the Board of Directors.<\/p>\n<p><strong> About Banco Promerica <\/strong><\/p>\n<p>Based in Santo Domingo, Banco Promerica is a multiple bank with more than 15 years of local presence, with emphasis on personal customer service, small and medium business, as well as credit card business .<\/p>\n<p>Banco Promerica is a member of Grupo Promerica (through the controlling company Promerica Financial Corporation), consisting of a group of nine banks operating in Central America, Ecuador, Cayman Islands and the Dominican Republic.<\/p>\n<p>The indicators of the <a href=\"https:\/\/www.grupopromerica.com\/\" target=\"_blank\" rel=\"noopener noreferrer\">Promerica Group<\/a> place it as one of the most important regional financial groups, with total assets of around US $ 13,000 million, with an equity of around USD1,300 million, annual profits of more than USD150 million, in addition to that with a customer service network of more than 850 branches and windows, and more than 900 ATMs. Through the financial services that Grupo Promerica offers, it contributes permanently to financial inclusion, as well as to the economic progress of the different societies and communities it serves.<\/p><\/blockquote>\n","protected":false},"excerpt":{"rendered":"<p>With the incorporation of Carlos Julio Camilo, Banco Promerica seeks to continue expanding its successful regional business model in the Dominican Republic. Hampton Castillo Landry, after a successful stage of 16 years leading the institution, will become the regional representative of Grupo Promerica in the Dominican Republic. Santo Domingo Dominican Republic. &#8211; With the objective [&hellip;]<\/p>\n","protected":false},"author":3,"featured_media":3564,"comment_status":"open","ping_status":"open","sticky":false,"template":"","format":"standard","meta":{"content-type":"","_monsterinsights_skip_tracking":false,"_monsterinsights_sitenote_active":false,"_monsterinsights_sitenote_note":"","_monsterinsights_sitenote_category":0,"footnotes":""},"categories":[486],"tags":[545],"class_list":["post-3555","post","type-post","status-publish","format-standard","has-post-thumbnail","hentry","category-press-room","tag-promerica-en"],"yoast_head":"<!-- This site is optimized with the Yoast SEO Premium plugin v27.5 (Yoast SEO v27.5) - https:\/\/yoast.com\/product\/yoast-seo-premium-wordpress\/ -->\n<title>Banco Promerica presents new executive president<\/title>\n<meta name=\"description\" content=\"Promerica reported that with the appointment of its new Executive President, the institution is launching into a new stage of sustainable growth.\" \/>\n<meta name=\"robots\" content=\"index, follow, max-snippet:-1, max-image-preview:large, max-video-preview:-1\" \/>\n<link rel=\"canonical\" href=\"https:\/\/afcomunicacion.com\/en\/press-room\/banco-promerica-presents-new-executive-president\/\" \/>\n<meta property=\"og:locale\" content=\"en_US\" \/>\n<meta property=\"og:type\" content=\"article\" \/>\n<meta property=\"og:title\" content=\"Banco Promerica presents new executive president\" \/>\n<meta property=\"og:description\" content=\"Promerica reported that with the appointment of its new Executive President, the institution is launching into a new stage of sustainable growth.\" \/>\n<meta property=\"og:url\" content=\"https:\/\/afcomunicacion.com\/en\/press-room\/banco-promerica-presents-new-executive-president\/\" \/>\n<meta property=\"og:site_name\" content=\"AF Comunicaci\u00f3n Estrat\u00e9gica\" \/>\n<meta property=\"article:publisher\" content=\"https:\/\/www.facebook.com\/afcomunicacionestrategica\" \/>\n<meta property=\"article:published_time\" content=\"2017-11-20T21:25:32+00:00\" \/>\n<meta property=\"article:modified_time\" content=\"2019-09-02T06:11:46+00:00\" \/>\n<meta property=\"og:image\" content=\"https:\/\/afcomunicacion.com\/wp-content\/uploads\/2017\/11\/Carlos-Julio-Camilo-nuevo-presidente-ejecutivo-Banco-Promerica-1.jpg\" \/>\n\t<meta property=\"og:image:width\" content=\"2400\" \/>\n\t<meta property=\"og:image:height\" content=\"3360\" \/>\n\t<meta property=\"og:image:type\" content=\"image\/jpeg\" \/>\n<meta name=\"author\" content=\"Eduard Gottschalk\" \/>\n<meta name=\"twitter:card\" content=\"summary_large_image\" \/>\n<meta name=\"twitter:creator\" content=\"@AFComunicacion\" \/>\n<meta name=\"twitter:site\" content=\"@AFComunicacion\" \/>\n<meta name=\"twitter:label1\" content=\"Written by\" \/>\n\t<meta name=\"twitter:data1\" content=\"Eduard Gottschalk\" \/>\n\t<meta name=\"twitter:label2\" content=\"Est. reading time\" \/>\n\t<meta name=\"twitter:data2\" content=\"3 minutes\" \/>\n<script type=\"application\/ld+json\" class=\"yoast-schema-graph\">{\"@context\":\"https:\\\/\\\/schema.org\",\"@graph\":[{\"@type\":\"Article\",\"@id\":\"https:\\\/\\\/afcomunicacion.com\\\/en\\\/press-room\\\/banco-promerica-presents-new-executive-president\\\/#article\",\"isPartOf\":{\"@id\":\"https:\\\/\\\/afcomunicacion.com\\\/en\\\/press-room\\\/banco-promerica-presents-new-executive-president\\\/\"},\"author\":{\"name\":\"Eduard Gottschalk\",\"@id\":\"https:\\\/\\\/afcomunicacion.com\\\/en\\\/#\\\/schema\\\/person\\\/af82ad47db83b8f3932f19530a369584\"},\"headline\":\"Banco Promerica presents new executive president\",\"datePublished\":\"2017-11-20T21:25:32+00:00\",\"dateModified\":\"2019-09-02T06:11:46+00:00\",\"mainEntityOfPage\":{\"@id\":\"https:\\\/\\\/afcomunicacion.com\\\/en\\\/press-room\\\/banco-promerica-presents-new-executive-president\\\/\"},\"wordCount\":536,\"commentCount\":0,\"publisher\":{\"@id\":\"https:\\\/\\\/afcomunicacion.com\\\/en\\\/#organization\"},\"image\":{\"@id\":\"https:\\\/\\\/afcomunicacion.com\\\/en\\\/press-room\\\/banco-promerica-presents-new-executive-president\\\/#primaryimage\"},\"thumbnailUrl\":\"https:\\\/\\\/afcomunicacion.com\\\/wp-content\\\/uploads\\\/2017\\\/11\\\/Carlos-Julio-Camilo-nuevo-presidente-ejecutivo-Banco-Promerica-1.jpg\",\"keywords\":[\"Promerica\"],\"articleSection\":[\"Press Room\"],\"inLanguage\":\"en-US\",\"potentialAction\":[{\"@type\":\"CommentAction\",\"name\":\"Comment\",\"target\":[\"https:\\\/\\\/afcomunicacion.com\\\/en\\\/press-room\\\/banco-promerica-presents-new-executive-president\\\/#respond\"]}]},{\"@type\":\"WebPage\",\"@id\":\"https:\\\/\\\/afcomunicacion.com\\\/en\\\/press-room\\\/banco-promerica-presents-new-executive-president\\\/\",\"url\":\"https:\\\/\\\/afcomunicacion.com\\\/en\\\/press-room\\\/banco-promerica-presents-new-executive-president\\\/\",\"name\":\"Banco Promerica presents new executive president\",\"isPartOf\":{\"@id\":\"https:\\\/\\\/afcomunicacion.com\\\/en\\\/#website\"},\"primaryImageOfPage\":{\"@id\":\"https:\\\/\\\/afcomunicacion.com\\\/en\\\/press-room\\\/banco-promerica-presents-new-executive-president\\\/#primaryimage\"},\"image\":{\"@id\":\"https:\\\/\\\/afcomunicacion.com\\\/en\\\/press-room\\\/banco-promerica-presents-new-executive-president\\\/#primaryimage\"},\"thumbnailUrl\":\"https:\\\/\\\/afcomunicacion.com\\\/wp-content\\\/uploads\\\/2017\\\/11\\\/Carlos-Julio-Camilo-nuevo-presidente-ejecutivo-Banco-Promerica-1.jpg\",\"datePublished\":\"2017-11-20T21:25:32+00:00\",\"dateModified\":\"2019-09-02T06:11:46+00:00\",\"description\":\"Promerica reported that with the appointment of its new Executive President, the institution is launching into a new stage of sustainable growth.\",\"breadcrumb\":{\"@id\":\"https:\\\/\\\/afcomunicacion.com\\\/en\\\/press-room\\\/banco-promerica-presents-new-executive-president\\\/#breadcrumb\"},\"inLanguage\":\"en-US\",\"potentialAction\":[{\"@type\":\"ReadAction\",\"target\":[\"https:\\\/\\\/afcomunicacion.com\\\/en\\\/press-room\\\/banco-promerica-presents-new-executive-president\\\/\"]}]},{\"@type\":\"ImageObject\",\"inLanguage\":\"en-US\",\"@id\":\"https:\\\/\\\/afcomunicacion.com\\\/en\\\/press-room\\\/banco-promerica-presents-new-executive-president\\\/#primaryimage\",\"url\":\"https:\\\/\\\/afcomunicacion.com\\\/wp-content\\\/uploads\\\/2017\\\/11\\\/Carlos-Julio-Camilo-nuevo-presidente-ejecutivo-Banco-Promerica-1.jpg\",\"contentUrl\":\"https:\\\/\\\/afcomunicacion.com\\\/wp-content\\\/uploads\\\/2017\\\/11\\\/Carlos-Julio-Camilo-nuevo-presidente-ejecutivo-Banco-Promerica-1.jpg\",\"width\":2400,\"height\":3360},{\"@type\":\"BreadcrumbList\",\"@id\":\"https:\\\/\\\/afcomunicacion.com\\\/en\\\/press-room\\\/banco-promerica-presents-new-executive-president\\\/#breadcrumb\",\"itemListElement\":[{\"@type\":\"ListItem\",\"position\":1,\"name\":\"Portada\",\"item\":\"https:\\\/\\\/afcomunicacion.com\\\/en\\\/\"},{\"@type\":\"ListItem\",\"position\":2,\"name\":\"Banco Promerica presents new executive president\"}]},{\"@type\":\"WebSite\",\"@id\":\"https:\\\/\\\/afcomunicacion.com\\\/en\\\/#website\",\"url\":\"https:\\\/\\\/afcomunicacion.com\\\/en\\\/\",\"name\":\"AF Comunicaci\u00f3n Estrat\u00e9gica\",\"description\":\"Agencia especializada en consultor\u00eda de Comunicaci\u00f3n Estrat\u00e9gica, Relaciones P\u00fablicas y Eventos Corporativos.\",\"publisher\":{\"@id\":\"https:\\\/\\\/afcomunicacion.com\\\/en\\\/#organization\"},\"potentialAction\":[{\"@type\":\"SearchAction\",\"target\":{\"@type\":\"EntryPoint\",\"urlTemplate\":\"https:\\\/\\\/afcomunicacion.com\\\/en\\\/?s={search_term_string}\"},\"query-input\":{\"@type\":\"PropertyValueSpecification\",\"valueRequired\":true,\"valueName\":\"search_term_string\"}}],\"inLanguage\":\"en-US\"},{\"@type\":\"Organization\",\"@id\":\"https:\\\/\\\/afcomunicacion.com\\\/en\\\/#organization\",\"name\":\"AF Comunicaci\u00f3n Estrat\u00e9gica\",\"url\":\"https:\\\/\\\/afcomunicacion.com\\\/en\\\/\",\"logo\":{\"@type\":\"ImageObject\",\"inLanguage\":\"en-US\",\"@id\":\"https:\\\/\\\/afcomunicacion.com\\\/en\\\/#\\\/schema\\\/logo\\\/image\\\/\",\"url\":\"\",\"contentUrl\":\"\",\"caption\":\"AF Comunicaci\u00f3n Estrat\u00e9gica\"},\"image\":{\"@id\":\"https:\\\/\\\/afcomunicacion.com\\\/en\\\/#\\\/schema\\\/logo\\\/image\\\/\"},\"sameAs\":[\"https:\\\/\\\/www.facebook.com\\\/afcomunicacionestrategica\",\"https:\\\/\\\/x.com\\\/AFComunicacion\",\"https:\\\/\\\/www.instagram.com\\\/afcomunicacion\\\/\",\"https:\\\/\\\/www.linkedin.com\\\/company\\\/afcomunicacion\\\/?viewAsMember=true\",\"https:\\\/\\\/www.youtube.com\\\/channel\\\/UCb0JkclVAyd3M9SzeiiNJAg\"]},{\"@type\":\"Person\",\"@id\":\"https:\\\/\\\/afcomunicacion.com\\\/en\\\/#\\\/schema\\\/person\\\/af82ad47db83b8f3932f19530a369584\",\"name\":\"Eduard Gottschalk\",\"image\":{\"@type\":\"ImageObject\",\"inLanguage\":\"en-US\",\"@id\":\"https:\\\/\\\/secure.gravatar.com\\\/avatar\\\/624da6ff424ca7d7cf732a043e93bbc67d30b9f662fe0a5fd54d7b4c21d3af75?s=96&d=mm&r=g\",\"url\":\"https:\\\/\\\/secure.gravatar.com\\\/avatar\\\/624da6ff424ca7d7cf732a043e93bbc67d30b9f662fe0a5fd54d7b4c21d3af75?s=96&d=mm&r=g\",\"contentUrl\":\"https:\\\/\\\/secure.gravatar.com\\\/avatar\\\/624da6ff424ca7d7cf732a043e93bbc67d30b9f662fe0a5fd54d7b4c21d3af75?s=96&d=mm&r=g\",\"caption\":\"Eduard Gottschalk\"},\"url\":\"https:\\\/\\\/afcomunicacion.com\\\/en\\\/author\\\/egottschalk\\\/\"}]}<\/script>\n<!-- \/ Yoast SEO Premium plugin. -->","yoast_head_json":{"title":"Banco Promerica presents new executive president","description":"Promerica reported that with the appointment of its new Executive President, the institution is launching into a new stage of sustainable growth.","robots":{"index":"index","follow":"follow","max-snippet":"max-snippet:-1","max-image-preview":"max-image-preview:large","max-video-preview":"max-video-preview:-1"},"canonical":"https:\/\/afcomunicacion.com\/en\/press-room\/banco-promerica-presents-new-executive-president\/","og_locale":"en_US","og_type":"article","og_title":"Banco Promerica presents new executive president","og_description":"Promerica reported that with the appointment of its new Executive President, the institution is launching into a new stage of sustainable growth.","og_url":"https:\/\/afcomunicacion.com\/en\/press-room\/banco-promerica-presents-new-executive-president\/","og_site_name":"AF Comunicaci\u00f3n Estrat\u00e9gica","article_publisher":"https:\/\/www.facebook.com\/afcomunicacionestrategica","article_published_time":"2017-11-20T21:25:32+00:00","article_modified_time":"2019-09-02T06:11:46+00:00","og_image":[{"width":2400,"height":3360,"url":"https:\/\/afcomunicacion.com\/wp-content\/uploads\/2017\/11\/Carlos-Julio-Camilo-nuevo-presidente-ejecutivo-Banco-Promerica-1.jpg","type":"image\/jpeg"}],"author":"Eduard Gottschalk","twitter_card":"summary_large_image","twitter_creator":"@AFComunicacion","twitter_site":"@AFComunicacion","twitter_misc":{"Written by":"Eduard Gottschalk","Est. reading time":"3 minutes"},"schema":{"@context":"https:\/\/schema.org","@graph":[{"@type":"Article","@id":"https:\/\/afcomunicacion.com\/en\/press-room\/banco-promerica-presents-new-executive-president\/#article","isPartOf":{"@id":"https:\/\/afcomunicacion.com\/en\/press-room\/banco-promerica-presents-new-executive-president\/"},"author":{"name":"Eduard Gottschalk","@id":"https:\/\/afcomunicacion.com\/en\/#\/schema\/person\/af82ad47db83b8f3932f19530a369584"},"headline":"Banco Promerica presents new executive president","datePublished":"2017-11-20T21:25:32+00:00","dateModified":"2019-09-02T06:11:46+00:00","mainEntityOfPage":{"@id":"https:\/\/afcomunicacion.com\/en\/press-room\/banco-promerica-presents-new-executive-president\/"},"wordCount":536,"commentCount":0,"publisher":{"@id":"https:\/\/afcomunicacion.com\/en\/#organization"},"image":{"@id":"https:\/\/afcomunicacion.com\/en\/press-room\/banco-promerica-presents-new-executive-president\/#primaryimage"},"thumbnailUrl":"https:\/\/afcomunicacion.com\/wp-content\/uploads\/2017\/11\/Carlos-Julio-Camilo-nuevo-presidente-ejecutivo-Banco-Promerica-1.jpg","keywords":["Promerica"],"articleSection":["Press Room"],"inLanguage":"en-US","potentialAction":[{"@type":"CommentAction","name":"Comment","target":["https:\/\/afcomunicacion.com\/en\/press-room\/banco-promerica-presents-new-executive-president\/#respond"]}]},{"@type":"WebPage","@id":"https:\/\/afcomunicacion.com\/en\/press-room\/banco-promerica-presents-new-executive-president\/","url":"https:\/\/afcomunicacion.com\/en\/press-room\/banco-promerica-presents-new-executive-president\/","name":"Banco Promerica presents new executive president","isPartOf":{"@id":"https:\/\/afcomunicacion.com\/en\/#website"},"primaryImageOfPage":{"@id":"https:\/\/afcomunicacion.com\/en\/press-room\/banco-promerica-presents-new-executive-president\/#primaryimage"},"image":{"@id":"https:\/\/afcomunicacion.com\/en\/press-room\/banco-promerica-presents-new-executive-president\/#primaryimage"},"thumbnailUrl":"https:\/\/afcomunicacion.com\/wp-content\/uploads\/2017\/11\/Carlos-Julio-Camilo-nuevo-presidente-ejecutivo-Banco-Promerica-1.jpg","datePublished":"2017-11-20T21:25:32+00:00","dateModified":"2019-09-02T06:11:46+00:00","description":"Promerica reported that with the appointment of its new Executive President, the institution is launching into a new stage of sustainable growth.","breadcrumb":{"@id":"https:\/\/afcomunicacion.com\/en\/press-room\/banco-promerica-presents-new-executive-president\/#breadcrumb"},"inLanguage":"en-US","potentialAction":[{"@type":"ReadAction","target":["https:\/\/afcomunicacion.com\/en\/press-room\/banco-promerica-presents-new-executive-president\/"]}]},{"@type":"ImageObject","inLanguage":"en-US","@id":"https:\/\/afcomunicacion.com\/en\/press-room\/banco-promerica-presents-new-executive-president\/#primaryimage","url":"https:\/\/afcomunicacion.com\/wp-content\/uploads\/2017\/11\/Carlos-Julio-Camilo-nuevo-presidente-ejecutivo-Banco-Promerica-1.jpg","contentUrl":"https:\/\/afcomunicacion.com\/wp-content\/uploads\/2017\/11\/Carlos-Julio-Camilo-nuevo-presidente-ejecutivo-Banco-Promerica-1.jpg","width":2400,"height":3360},{"@type":"BreadcrumbList","@id":"https:\/\/afcomunicacion.com\/en\/press-room\/banco-promerica-presents-new-executive-president\/#breadcrumb","itemListElement":[{"@type":"ListItem","position":1,"name":"Portada","item":"https:\/\/afcomunicacion.com\/en\/"},{"@type":"ListItem","position":2,"name":"Banco Promerica presents new executive president"}]},{"@type":"WebSite","@id":"https:\/\/afcomunicacion.com\/en\/#website","url":"https:\/\/afcomunicacion.com\/en\/","name":"AF Comunicaci\u00f3n Estrat\u00e9gica","description":"Agencia especializada en consultor\u00eda de Comunicaci\u00f3n Estrat\u00e9gica, Relaciones P\u00fablicas y Eventos Corporativos.","publisher":{"@id":"https:\/\/afcomunicacion.com\/en\/#organization"},"potentialAction":[{"@type":"SearchAction","target":{"@type":"EntryPoint","urlTemplate":"https:\/\/afcomunicacion.com\/en\/?s={search_term_string}"},"query-input":{"@type":"PropertyValueSpecification","valueRequired":true,"valueName":"search_term_string"}}],"inLanguage":"en-US"},{"@type":"Organization","@id":"https:\/\/afcomunicacion.com\/en\/#organization","name":"AF Comunicaci\u00f3n Estrat\u00e9gica","url":"https:\/\/afcomunicacion.com\/en\/","logo":{"@type":"ImageObject","inLanguage":"en-US","@id":"https:\/\/afcomunicacion.com\/en\/#\/schema\/logo\/image\/","url":"","contentUrl":"","caption":"AF Comunicaci\u00f3n Estrat\u00e9gica"},"image":{"@id":"https:\/\/afcomunicacion.com\/en\/#\/schema\/logo\/image\/"},"sameAs":["https:\/\/www.facebook.com\/afcomunicacionestrategica","https:\/\/x.com\/AFComunicacion","https:\/\/www.instagram.com\/afcomunicacion\/","https:\/\/www.linkedin.com\/company\/afcomunicacion\/?viewAsMember=true","https:\/\/www.youtube.com\/channel\/UCb0JkclVAyd3M9SzeiiNJAg"]},{"@type":"Person","@id":"https:\/\/afcomunicacion.com\/en\/#\/schema\/person\/af82ad47db83b8f3932f19530a369584","name":"Eduard Gottschalk","image":{"@type":"ImageObject","inLanguage":"en-US","@id":"https:\/\/secure.gravatar.com\/avatar\/624da6ff424ca7d7cf732a043e93bbc67d30b9f662fe0a5fd54d7b4c21d3af75?s=96&d=mm&r=g","url":"https:\/\/secure.gravatar.com\/avatar\/624da6ff424ca7d7cf732a043e93bbc67d30b9f662fe0a5fd54d7b4c21d3af75?s=96&d=mm&r=g","contentUrl":"https:\/\/secure.gravatar.com\/avatar\/624da6ff424ca7d7cf732a043e93bbc67d30b9f662fe0a5fd54d7b4c21d3af75?s=96&d=mm&r=g","caption":"Eduard Gottschalk"},"url":"https:\/\/afcomunicacion.com\/en\/author\/egottschalk\/"}]}},"_links":{"self":[{"href":"https:\/\/afcomunicacion.com\/en\/wp-json\/wp\/v2\/posts\/3555","targetHints":{"allow":["GET"]}}],"collection":[{"href":"https:\/\/afcomunicacion.com\/en\/wp-json\/wp\/v2\/posts"}],"about":[{"href":"https:\/\/afcomunicacion.com\/en\/wp-json\/wp\/v2\/types\/post"}],"author":[{"embeddable":true,"href":"https:\/\/afcomunicacion.com\/en\/wp-json\/wp\/v2\/users\/3"}],"replies":[{"embeddable":true,"href":"https:\/\/afcomunicacion.com\/en\/wp-json\/wp\/v2\/comments?post=3555"}],"version-history":[{"count":0,"href":"https:\/\/afcomunicacion.com\/en\/wp-json\/wp\/v2\/posts\/3555\/revisions"}],"wp:featuredmedia":[{"embeddable":true,"href":"https:\/\/afcomunicacion.com\/en\/wp-json\/wp\/v2\/media\/3564"}],"wp:attachment":[{"href":"https:\/\/afcomunicacion.com\/en\/wp-json\/wp\/v2\/media?parent=3555"}],"wp:term":[{"taxonomy":"category","embeddable":true,"href":"https:\/\/afcomunicacion.com\/en\/wp-json\/wp\/v2\/categories?post=3555"},{"taxonomy":"post_tag","embeddable":true,"href":"https:\/\/afcomunicacion.com\/en\/wp-json\/wp\/v2\/tags?post=3555"}],"curies":[{"name":"wp","href":"https:\/\/api.w.org\/{rel}","templated":true}]}}