{"id":3621,"date":"2017-03-06T10:57:48","date_gmt":"2017-03-06T14:57:48","guid":{"rendered":"https:\/\/afcomunicacion.com\/?p=3621"},"modified":"2019-09-01T22:43:31","modified_gmt":"2019-09-02T02:43:31","slug":"samsung-galaxy-s7-edge-the-best-smartphone-of-mcw-2017","status":"publish","type":"post","link":"https:\/\/afcomunicacion.com\/en\/press-room\/samsung-galaxy-s7-edge-the-best-smartphone-of-mcw-2017\/","title":{"rendered":"Samsung Galaxy S7 Edge, the best smartphone of MCW 2017"},"content":{"rendered":"<p>GSMA recognized Samsung&#8217;s flagship team as the best cell phone in the category of Best Mobile Devices.<\/p>\n<p><strong>Santo Domingo, RD, March 2017.<\/strong>-Samsung Electronics Co. Ltd. announced that the Galaxy S7 Edge was recognized by the GSMA as the &#8220;Best Smart Phone of 2016&#8221; in the category of Best Mobile Devices at the Global Mobile Awards that annually are delivered within the framework of the Mobile World Congress of Barcelona this year.<\/p>\n<p>As a world leader in mobile innovation, Samsung constantly seeks the best in hardware, software, and services, redefining what is possible for consumers around the world.<\/p>\n<p>The Galaxy S7 Edge was awarded for its refined design, advanced camera, and exceptional performance.<\/p>\n<p>&#8220;We are honored to be recognized for our design and innovation skills with the Galaxy S7 Edge,&#8221; said Junho Park, Vice President of Global Product Strategy and Mobile Communications Business at <a href=\"https:\/\/afcomunicacion.com\/en\/discover-new-possibilities-with-samsung-galaxy-s8-a-smartphone-without-limits\/\" target=\"_blank\" rel=\"noopener noreferrer\">Samsung Electronics.<\/a><\/p>\n<p>&#8220;This award is a testament to our constant search for excellence as we continue to exceed consumer expectations through revolutionary mobile technology,&#8221; he concluded.<\/p>\n<p>For more information, visit the site: <a href=\"https:\/\/www.samsung.com\/latin\/\" target=\"_blank\" rel=\"noopener noreferrer\">www.samsung.com\/latin<\/a> and we invite you to share this information on your social networks<\/p>\n<p><strong>Facebook:<\/strong> <a href=\"https:\/\/www.facebook.com\/SamsungLatinoamerica\/?fref=ts\" target=\"_blank\" rel=\"noopener noreferrer\">Samsung Latin America<\/a><\/p>\n<p><a href=\"https:\/\/www.facebook.com\/SamsungMobileLatinoamerica\/?fref=ts\" target=\"_blank\" rel=\"noopener noreferrer\">Samsung Mobile Latin America<\/a><\/p>\n<p><strong>Instagram:<\/strong> <a href=\"https:\/\/www.instagram.com\/samsunglatin\/\" target=\"_blank\" rel=\"noopener noreferrer\">@SamsungLatin<\/a><\/p>\n<p><strong>Twitter:<\/strong> <a href=\"https:\/\/twitter.com\/SamsungLatin\" target=\"_blank\" rel=\"noopener noreferrer\">@SamsungLatin<\/a><\/p>\n","protected":false},"excerpt":{"rendered":"<p>GSMA recognized Samsung&#8217;s flagship team as the best cell phone in the category of Best Mobile Devices. Santo Domingo, RD, March 2017.-Samsung Electronics Co. Ltd. announced that the Galaxy S7 Edge was recognized by the GSMA as the &#8220;Best Smart Phone of 2016&#8221; in the category of Best Mobile Devices at the Global Mobile Awards [&hellip;]<\/p>\n","protected":false},"author":3,"featured_media":3632,"comment_status":"open","ping_status":"open","sticky":false,"template":"","format":"standard","meta":{"content-type":"","_monsterinsights_skip_tracking":false,"_monsterinsights_sitenote_active":false,"_monsterinsights_sitenote_note":"","_monsterinsights_sitenote_category":0,"footnotes":""},"categories":[486],"tags":[536],"class_list":["post-3621","post","type-post","status-publish","format-standard","has-post-thumbnail","hentry","category-press-room","tag-samsung-en"],"yoast_head":"<!-- This site is optimized with the Yoast SEO Premium plugin v27.5 (Yoast SEO v27.5) - https:\/\/yoast.com\/product\/yoast-seo-premium-wordpress\/ -->\n<title>Samsung Galaxy S7 Edge, the best smartphone of MCW 2017<\/title>\n<meta name=\"description\" content=\"Samsung constantly seeks the best in hardware, software, and services, redefining what is possible for consumers around the world.\" \/>\n<meta name=\"robots\" content=\"index, follow, max-snippet:-1, max-image-preview:large, max-video-preview:-1\" \/>\n<link rel=\"canonical\" href=\"https:\/\/afcomunicacion.com\/en\/press-room\/samsung-galaxy-s7-edge-the-best-smartphone-of-mcw-2017\/\" \/>\n<meta property=\"og:locale\" content=\"en_US\" \/>\n<meta property=\"og:type\" content=\"article\" \/>\n<meta property=\"og:title\" content=\"Samsung Galaxy S7 Edge, the best smartphone of MCW 2017\" \/>\n<meta property=\"og:description\" content=\"Samsung constantly seeks the best in hardware, software, and services, redefining what is possible for consumers around the world.\" \/>\n<meta property=\"og:url\" content=\"https:\/\/afcomunicacion.com\/en\/press-room\/samsung-galaxy-s7-edge-the-best-smartphone-of-mcw-2017\/\" \/>\n<meta property=\"og:site_name\" content=\"AF Comunicaci\u00f3n Estrat\u00e9gica\" \/>\n<meta property=\"article:publisher\" content=\"https:\/\/www.facebook.com\/afcomunicacionestrategica\" \/>\n<meta property=\"article:published_time\" content=\"2017-03-06T14:57:48+00:00\" \/>\n<meta property=\"article:modified_time\" content=\"2019-09-02T02:43:31+00:00\" \/>\n<meta property=\"og:image\" content=\"https:\/\/afcomunicacion.com\/wp-content\/uploads\/2017\/03\/Estilo-de-vida-GalaxyS7-Edge-1.jpg\" \/>\n\t<meta property=\"og:image:width\" content=\"1440\" \/>\n\t<meta property=\"og:image:height\" content=\"960\" \/>\n\t<meta property=\"og:image:type\" content=\"image\/jpeg\" \/>\n<meta name=\"author\" content=\"Eduard Gottschalk\" \/>\n<meta name=\"twitter:card\" content=\"summary_large_image\" \/>\n<meta name=\"twitter:creator\" content=\"@AFComunicacion\" \/>\n<meta name=\"twitter:site\" content=\"@AFComunicacion\" \/>\n<meta name=\"twitter:label1\" content=\"Written by\" \/>\n\t<meta name=\"twitter:data1\" content=\"Eduard Gottschalk\" \/>\n\t<meta name=\"twitter:label2\" content=\"Est. reading time\" \/>\n\t<meta name=\"twitter:data2\" content=\"1 minute\" \/>\n<script type=\"application\/ld+json\" class=\"yoast-schema-graph\">{\"@context\":\"https:\\\/\\\/schema.org\",\"@graph\":[{\"@type\":\"Article\",\"@id\":\"https:\\\/\\\/afcomunicacion.com\\\/en\\\/press-room\\\/samsung-galaxy-s7-edge-the-best-smartphone-of-mcw-2017\\\/#article\",\"isPartOf\":{\"@id\":\"https:\\\/\\\/afcomunicacion.com\\\/en\\\/press-room\\\/samsung-galaxy-s7-edge-the-best-smartphone-of-mcw-2017\\\/\"},\"author\":{\"name\":\"Eduard Gottschalk\",\"@id\":\"https:\\\/\\\/afcomunicacion.com\\\/en\\\/#\\\/schema\\\/person\\\/af82ad47db83b8f3932f19530a369584\"},\"headline\":\"Samsung Galaxy S7 Edge, the best smartphone of MCW 2017\",\"datePublished\":\"2017-03-06T14:57:48+00:00\",\"dateModified\":\"2019-09-02T02:43:31+00:00\",\"mainEntityOfPage\":{\"@id\":\"https:\\\/\\\/afcomunicacion.com\\\/en\\\/press-room\\\/samsung-galaxy-s7-edge-the-best-smartphone-of-mcw-2017\\\/\"},\"wordCount\":212,\"commentCount\":0,\"publisher\":{\"@id\":\"https:\\\/\\\/afcomunicacion.com\\\/en\\\/#organization\"},\"image\":{\"@id\":\"https:\\\/\\\/afcomunicacion.com\\\/en\\\/press-room\\\/samsung-galaxy-s7-edge-the-best-smartphone-of-mcw-2017\\\/#primaryimage\"},\"thumbnailUrl\":\"https:\\\/\\\/afcomunicacion.com\\\/wp-content\\\/uploads\\\/2017\\\/03\\\/Estilo-de-vida-GalaxyS7-Edge-1.jpg\",\"keywords\":[\"Samsung\"],\"articleSection\":[\"Press Room\"],\"inLanguage\":\"en-US\",\"potentialAction\":[{\"@type\":\"CommentAction\",\"name\":\"Comment\",\"target\":[\"https:\\\/\\\/afcomunicacion.com\\\/en\\\/press-room\\\/samsung-galaxy-s7-edge-the-best-smartphone-of-mcw-2017\\\/#respond\"]}]},{\"@type\":\"WebPage\",\"@id\":\"https:\\\/\\\/afcomunicacion.com\\\/en\\\/press-room\\\/samsung-galaxy-s7-edge-the-best-smartphone-of-mcw-2017\\\/\",\"url\":\"https:\\\/\\\/afcomunicacion.com\\\/en\\\/press-room\\\/samsung-galaxy-s7-edge-the-best-smartphone-of-mcw-2017\\\/\",\"name\":\"Samsung Galaxy S7 Edge, the best smartphone of MCW 2017\",\"isPartOf\":{\"@id\":\"https:\\\/\\\/afcomunicacion.com\\\/en\\\/#website\"},\"primaryImageOfPage\":{\"@id\":\"https:\\\/\\\/afcomunicacion.com\\\/en\\\/press-room\\\/samsung-galaxy-s7-edge-the-best-smartphone-of-mcw-2017\\\/#primaryimage\"},\"image\":{\"@id\":\"https:\\\/\\\/afcomunicacion.com\\\/en\\\/press-room\\\/samsung-galaxy-s7-edge-the-best-smartphone-of-mcw-2017\\\/#primaryimage\"},\"thumbnailUrl\":\"https:\\\/\\\/afcomunicacion.com\\\/wp-content\\\/uploads\\\/2017\\\/03\\\/Estilo-de-vida-GalaxyS7-Edge-1.jpg\",\"datePublished\":\"2017-03-06T14:57:48+00:00\",\"dateModified\":\"2019-09-02T02:43:31+00:00\",\"description\":\"Samsung constantly seeks the best in hardware, software, and services, redefining what is possible for consumers around the world.\",\"breadcrumb\":{\"@id\":\"https:\\\/\\\/afcomunicacion.com\\\/en\\\/press-room\\\/samsung-galaxy-s7-edge-the-best-smartphone-of-mcw-2017\\\/#breadcrumb\"},\"inLanguage\":\"en-US\",\"potentialAction\":[{\"@type\":\"ReadAction\",\"target\":[\"https:\\\/\\\/afcomunicacion.com\\\/en\\\/press-room\\\/samsung-galaxy-s7-edge-the-best-smartphone-of-mcw-2017\\\/\"]}]},{\"@type\":\"ImageObject\",\"inLanguage\":\"en-US\",\"@id\":\"https:\\\/\\\/afcomunicacion.com\\\/en\\\/press-room\\\/samsung-galaxy-s7-edge-the-best-smartphone-of-mcw-2017\\\/#primaryimage\",\"url\":\"https:\\\/\\\/afcomunicacion.com\\\/wp-content\\\/uploads\\\/2017\\\/03\\\/Estilo-de-vida-GalaxyS7-Edge-1.jpg\",\"contentUrl\":\"https:\\\/\\\/afcomunicacion.com\\\/wp-content\\\/uploads\\\/2017\\\/03\\\/Estilo-de-vida-GalaxyS7-Edge-1.jpg\",\"width\":1440,\"height\":960},{\"@type\":\"BreadcrumbList\",\"@id\":\"https:\\\/\\\/afcomunicacion.com\\\/en\\\/press-room\\\/samsung-galaxy-s7-edge-the-best-smartphone-of-mcw-2017\\\/#breadcrumb\",\"itemListElement\":[{\"@type\":\"ListItem\",\"position\":1,\"name\":\"Portada\",\"item\":\"https:\\\/\\\/afcomunicacion.com\\\/en\\\/\"},{\"@type\":\"ListItem\",\"position\":2,\"name\":\"Samsung Galaxy S7 Edge, the best smartphone of MCW 2017\"}]},{\"@type\":\"WebSite\",\"@id\":\"https:\\\/\\\/afcomunicacion.com\\\/en\\\/#website\",\"url\":\"https:\\\/\\\/afcomunicacion.com\\\/en\\\/\",\"name\":\"AF Comunicaci\u00f3n Estrat\u00e9gica\",\"description\":\"Agencia especializada en consultor\u00eda de Comunicaci\u00f3n Estrat\u00e9gica, Relaciones P\u00fablicas y Eventos Corporativos.\",\"publisher\":{\"@id\":\"https:\\\/\\\/afcomunicacion.com\\\/en\\\/#organization\"},\"potentialAction\":[{\"@type\":\"SearchAction\",\"target\":{\"@type\":\"EntryPoint\",\"urlTemplate\":\"https:\\\/\\\/afcomunicacion.com\\\/en\\\/?s={search_term_string}\"},\"query-input\":{\"@type\":\"PropertyValueSpecification\",\"valueRequired\":true,\"valueName\":\"search_term_string\"}}],\"inLanguage\":\"en-US\"},{\"@type\":\"Organization\",\"@id\":\"https:\\\/\\\/afcomunicacion.com\\\/en\\\/#organization\",\"name\":\"AF Comunicaci\u00f3n Estrat\u00e9gica\",\"url\":\"https:\\\/\\\/afcomunicacion.com\\\/en\\\/\",\"logo\":{\"@type\":\"ImageObject\",\"inLanguage\":\"en-US\",\"@id\":\"https:\\\/\\\/afcomunicacion.com\\\/en\\\/#\\\/schema\\\/logo\\\/image\\\/\",\"url\":\"\",\"contentUrl\":\"\",\"caption\":\"AF Comunicaci\u00f3n Estrat\u00e9gica\"},\"image\":{\"@id\":\"https:\\\/\\\/afcomunicacion.com\\\/en\\\/#\\\/schema\\\/logo\\\/image\\\/\"},\"sameAs\":[\"https:\\\/\\\/www.facebook.com\\\/afcomunicacionestrategica\",\"https:\\\/\\\/x.com\\\/AFComunicacion\",\"https:\\\/\\\/www.instagram.com\\\/afcomunicacion\\\/\",\"https:\\\/\\\/www.linkedin.com\\\/company\\\/afcomunicacion\\\/?viewAsMember=true\",\"https:\\\/\\\/www.youtube.com\\\/channel\\\/UCb0JkclVAyd3M9SzeiiNJAg\"]},{\"@type\":\"Person\",\"@id\":\"https:\\\/\\\/afcomunicacion.com\\\/en\\\/#\\\/schema\\\/person\\\/af82ad47db83b8f3932f19530a369584\",\"name\":\"Eduard Gottschalk\",\"image\":{\"@type\":\"ImageObject\",\"inLanguage\":\"en-US\",\"@id\":\"https:\\\/\\\/secure.gravatar.com\\\/avatar\\\/624da6ff424ca7d7cf732a043e93bbc67d30b9f662fe0a5fd54d7b4c21d3af75?s=96&d=mm&r=g\",\"url\":\"https:\\\/\\\/secure.gravatar.com\\\/avatar\\\/624da6ff424ca7d7cf732a043e93bbc67d30b9f662fe0a5fd54d7b4c21d3af75?s=96&d=mm&r=g\",\"contentUrl\":\"https:\\\/\\\/secure.gravatar.com\\\/avatar\\\/624da6ff424ca7d7cf732a043e93bbc67d30b9f662fe0a5fd54d7b4c21d3af75?s=96&d=mm&r=g\",\"caption\":\"Eduard Gottschalk\"},\"url\":\"https:\\\/\\\/afcomunicacion.com\\\/en\\\/author\\\/egottschalk\\\/\"}]}<\/script>\n<!-- \/ Yoast SEO Premium plugin. -->","yoast_head_json":{"title":"Samsung Galaxy S7 Edge, the best smartphone of MCW 2017","description":"Samsung constantly seeks the best in hardware, software, and services, redefining what is possible for consumers around the world.","robots":{"index":"index","follow":"follow","max-snippet":"max-snippet:-1","max-image-preview":"max-image-preview:large","max-video-preview":"max-video-preview:-1"},"canonical":"https:\/\/afcomunicacion.com\/en\/press-room\/samsung-galaxy-s7-edge-the-best-smartphone-of-mcw-2017\/","og_locale":"en_US","og_type":"article","og_title":"Samsung Galaxy S7 Edge, the best smartphone of MCW 2017","og_description":"Samsung constantly seeks the best in hardware, software, and services, redefining what is possible for consumers around the world.","og_url":"https:\/\/afcomunicacion.com\/en\/press-room\/samsung-galaxy-s7-edge-the-best-smartphone-of-mcw-2017\/","og_site_name":"AF Comunicaci\u00f3n Estrat\u00e9gica","article_publisher":"https:\/\/www.facebook.com\/afcomunicacionestrategica","article_published_time":"2017-03-06T14:57:48+00:00","article_modified_time":"2019-09-02T02:43:31+00:00","og_image":[{"width":1440,"height":960,"url":"https:\/\/afcomunicacion.com\/wp-content\/uploads\/2017\/03\/Estilo-de-vida-GalaxyS7-Edge-1.jpg","type":"image\/jpeg"}],"author":"Eduard Gottschalk","twitter_card":"summary_large_image","twitter_creator":"@AFComunicacion","twitter_site":"@AFComunicacion","twitter_misc":{"Written by":"Eduard Gottschalk","Est. reading time":"1 minute"},"schema":{"@context":"https:\/\/schema.org","@graph":[{"@type":"Article","@id":"https:\/\/afcomunicacion.com\/en\/press-room\/samsung-galaxy-s7-edge-the-best-smartphone-of-mcw-2017\/#article","isPartOf":{"@id":"https:\/\/afcomunicacion.com\/en\/press-room\/samsung-galaxy-s7-edge-the-best-smartphone-of-mcw-2017\/"},"author":{"name":"Eduard Gottschalk","@id":"https:\/\/afcomunicacion.com\/en\/#\/schema\/person\/af82ad47db83b8f3932f19530a369584"},"headline":"Samsung Galaxy S7 Edge, the best smartphone of MCW 2017","datePublished":"2017-03-06T14:57:48+00:00","dateModified":"2019-09-02T02:43:31+00:00","mainEntityOfPage":{"@id":"https:\/\/afcomunicacion.com\/en\/press-room\/samsung-galaxy-s7-edge-the-best-smartphone-of-mcw-2017\/"},"wordCount":212,"commentCount":0,"publisher":{"@id":"https:\/\/afcomunicacion.com\/en\/#organization"},"image":{"@id":"https:\/\/afcomunicacion.com\/en\/press-room\/samsung-galaxy-s7-edge-the-best-smartphone-of-mcw-2017\/#primaryimage"},"thumbnailUrl":"https:\/\/afcomunicacion.com\/wp-content\/uploads\/2017\/03\/Estilo-de-vida-GalaxyS7-Edge-1.jpg","keywords":["Samsung"],"articleSection":["Press Room"],"inLanguage":"en-US","potentialAction":[{"@type":"CommentAction","name":"Comment","target":["https:\/\/afcomunicacion.com\/en\/press-room\/samsung-galaxy-s7-edge-the-best-smartphone-of-mcw-2017\/#respond"]}]},{"@type":"WebPage","@id":"https:\/\/afcomunicacion.com\/en\/press-room\/samsung-galaxy-s7-edge-the-best-smartphone-of-mcw-2017\/","url":"https:\/\/afcomunicacion.com\/en\/press-room\/samsung-galaxy-s7-edge-the-best-smartphone-of-mcw-2017\/","name":"Samsung Galaxy S7 Edge, the best smartphone of MCW 2017","isPartOf":{"@id":"https:\/\/afcomunicacion.com\/en\/#website"},"primaryImageOfPage":{"@id":"https:\/\/afcomunicacion.com\/en\/press-room\/samsung-galaxy-s7-edge-the-best-smartphone-of-mcw-2017\/#primaryimage"},"image":{"@id":"https:\/\/afcomunicacion.com\/en\/press-room\/samsung-galaxy-s7-edge-the-best-smartphone-of-mcw-2017\/#primaryimage"},"thumbnailUrl":"https:\/\/afcomunicacion.com\/wp-content\/uploads\/2017\/03\/Estilo-de-vida-GalaxyS7-Edge-1.jpg","datePublished":"2017-03-06T14:57:48+00:00","dateModified":"2019-09-02T02:43:31+00:00","description":"Samsung constantly seeks the best in hardware, software, and services, redefining what is possible for consumers around the world.","breadcrumb":{"@id":"https:\/\/afcomunicacion.com\/en\/press-room\/samsung-galaxy-s7-edge-the-best-smartphone-of-mcw-2017\/#breadcrumb"},"inLanguage":"en-US","potentialAction":[{"@type":"ReadAction","target":["https:\/\/afcomunicacion.com\/en\/press-room\/samsung-galaxy-s7-edge-the-best-smartphone-of-mcw-2017\/"]}]},{"@type":"ImageObject","inLanguage":"en-US","@id":"https:\/\/afcomunicacion.com\/en\/press-room\/samsung-galaxy-s7-edge-the-best-smartphone-of-mcw-2017\/#primaryimage","url":"https:\/\/afcomunicacion.com\/wp-content\/uploads\/2017\/03\/Estilo-de-vida-GalaxyS7-Edge-1.jpg","contentUrl":"https:\/\/afcomunicacion.com\/wp-content\/uploads\/2017\/03\/Estilo-de-vida-GalaxyS7-Edge-1.jpg","width":1440,"height":960},{"@type":"BreadcrumbList","@id":"https:\/\/afcomunicacion.com\/en\/press-room\/samsung-galaxy-s7-edge-the-best-smartphone-of-mcw-2017\/#breadcrumb","itemListElement":[{"@type":"ListItem","position":1,"name":"Portada","item":"https:\/\/afcomunicacion.com\/en\/"},{"@type":"ListItem","position":2,"name":"Samsung Galaxy S7 Edge, the best smartphone of MCW 2017"}]},{"@type":"WebSite","@id":"https:\/\/afcomunicacion.com\/en\/#website","url":"https:\/\/afcomunicacion.com\/en\/","name":"AF Comunicaci\u00f3n Estrat\u00e9gica","description":"Agencia especializada en consultor\u00eda de Comunicaci\u00f3n Estrat\u00e9gica, Relaciones P\u00fablicas y Eventos Corporativos.","publisher":{"@id":"https:\/\/afcomunicacion.com\/en\/#organization"},"potentialAction":[{"@type":"SearchAction","target":{"@type":"EntryPoint","urlTemplate":"https:\/\/afcomunicacion.com\/en\/?s={search_term_string}"},"query-input":{"@type":"PropertyValueSpecification","valueRequired":true,"valueName":"search_term_string"}}],"inLanguage":"en-US"},{"@type":"Organization","@id":"https:\/\/afcomunicacion.com\/en\/#organization","name":"AF Comunicaci\u00f3n Estrat\u00e9gica","url":"https:\/\/afcomunicacion.com\/en\/","logo":{"@type":"ImageObject","inLanguage":"en-US","@id":"https:\/\/afcomunicacion.com\/en\/#\/schema\/logo\/image\/","url":"","contentUrl":"","caption":"AF Comunicaci\u00f3n Estrat\u00e9gica"},"image":{"@id":"https:\/\/afcomunicacion.com\/en\/#\/schema\/logo\/image\/"},"sameAs":["https:\/\/www.facebook.com\/afcomunicacionestrategica","https:\/\/x.com\/AFComunicacion","https:\/\/www.instagram.com\/afcomunicacion\/","https:\/\/www.linkedin.com\/company\/afcomunicacion\/?viewAsMember=true","https:\/\/www.youtube.com\/channel\/UCb0JkclVAyd3M9SzeiiNJAg"]},{"@type":"Person","@id":"https:\/\/afcomunicacion.com\/en\/#\/schema\/person\/af82ad47db83b8f3932f19530a369584","name":"Eduard Gottschalk","image":{"@type":"ImageObject","inLanguage":"en-US","@id":"https:\/\/secure.gravatar.com\/avatar\/624da6ff424ca7d7cf732a043e93bbc67d30b9f662fe0a5fd54d7b4c21d3af75?s=96&d=mm&r=g","url":"https:\/\/secure.gravatar.com\/avatar\/624da6ff424ca7d7cf732a043e93bbc67d30b9f662fe0a5fd54d7b4c21d3af75?s=96&d=mm&r=g","contentUrl":"https:\/\/secure.gravatar.com\/avatar\/624da6ff424ca7d7cf732a043e93bbc67d30b9f662fe0a5fd54d7b4c21d3af75?s=96&d=mm&r=g","caption":"Eduard Gottschalk"},"url":"https:\/\/afcomunicacion.com\/en\/author\/egottschalk\/"}]}},"_links":{"self":[{"href":"https:\/\/afcomunicacion.com\/en\/wp-json\/wp\/v2\/posts\/3621","targetHints":{"allow":["GET"]}}],"collection":[{"href":"https:\/\/afcomunicacion.com\/en\/wp-json\/wp\/v2\/posts"}],"about":[{"href":"https:\/\/afcomunicacion.com\/en\/wp-json\/wp\/v2\/types\/post"}],"author":[{"embeddable":true,"href":"https:\/\/afcomunicacion.com\/en\/wp-json\/wp\/v2\/users\/3"}],"replies":[{"embeddable":true,"href":"https:\/\/afcomunicacion.com\/en\/wp-json\/wp\/v2\/comments?post=3621"}],"version-history":[{"count":0,"href":"https:\/\/afcomunicacion.com\/en\/wp-json\/wp\/v2\/posts\/3621\/revisions"}],"wp:featuredmedia":[{"embeddable":true,"href":"https:\/\/afcomunicacion.com\/en\/wp-json\/wp\/v2\/media\/3632"}],"wp:attachment":[{"href":"https:\/\/afcomunicacion.com\/en\/wp-json\/wp\/v2\/media?parent=3621"}],"wp:term":[{"taxonomy":"category","embeddable":true,"href":"https:\/\/afcomunicacion.com\/en\/wp-json\/wp\/v2\/categories?post=3621"},{"taxonomy":"post_tag","embeddable":true,"href":"https:\/\/afcomunicacion.com\/en\/wp-json\/wp\/v2\/tags?post=3621"}],"curies":[{"name":"wp","href":"https:\/\/api.w.org\/{rel}","templated":true}]}}