{"id":3645,"date":"2017-02-14T11:22:55","date_gmt":"2017-02-14T15:22:55","guid":{"rendered":"https:\/\/afcomunicacion.com\/?p=3645"},"modified":"2019-09-01T23:54:12","modified_gmt":"2019-09-02T03:54:12","slug":"ifc-awards-usd-92-5-million-to-subsidiaries-of-grupo-promerica","status":"publish","type":"post","link":"https:\/\/afcomunicacion.com\/en\/press-room\/ifc-awards-usd-92-5-million-to-subsidiaries-of-grupo-promerica\/","title":{"rendered":"IFC awards USD $ 92.5 million to subsidiaries of Grupo Promerica"},"content":{"rendered":"<p><strong>Santo Domingo, D N.-<\/strong> The International Finance Corporation (IFC), a member of the World Bank Group, has granted long-term financing for USD 92.5 million to subsidiaries of Grupo Promerica to expand access to funding for small and medium enterprises ( SMEs). Although these companies are employment-generating, they lack access to financing, which limits their capacity for growth.<\/p>\n<p>The subsidiaries of Promerica in some countries will use IFC funds to provide loans to companies that wish to adopt more energy-efficient practices and use cleaner sources. The goal is to help access credit.<\/p>\n<p>\u201cSustainability represents a challenge for companies, but it also represents a great variety of opportunities,\u201d said Mr. Ramiro Ortiz Mayorga, Chairman of the Board of Directors and CEO of the Promerica Group. \u201cSome financial institutions in the region are reluctant to grant credits to implement new technologies that they may not know. IFC support allows us to offer funds specifically for energy efficiency projects. It will also help us expand our portfolio for small and medium-sized businesses, which are what create the vast majority of jobs in Central America, in addition to providing essential goods and services. \u201d<\/p>\n<p>&#8220;One of the pillars of IFC&#8217;s strategy in Central America is to facilitate regional integration, an essential factor in strengthening competitiveness,&#8221; said Luc Grillet, IFC senior manager for Central America and the Caribbean.<\/p>\n<p>\u201cOur investment in <a href=\"https:\/\/www.promerica.com.do\" target=\"_blank\" rel=\"noopener noreferrer\">Grupo Promerica<\/a> will help a regional financial group to expand its work with small and medium-sized entrepreneurs and investments related to climate change,&#8221; he added.<\/p>\n<p><strong>About IFC<\/strong><\/p>\n<p>IFC, an organization that is part of the World Bank Group, is the main international development institution dedicated exclusively to the private sector in emerging markets. He works with 2000 companies worldwide and uses his six decades of experience to create opportunities where they are most needed. In 2016, its long-term investments in developing countries amounted to almost $19 billion, through which it capitalized on its capital, its expertise and its influence to help the private sector put an end to extreme poverty and boost shared prosperity. For more information, visit www.ifc.org.<\/p>\n<p><strong>About Grupo Promerica<\/strong><\/p>\n<p>The Promerica Group is a group of financial institutions linked through Promerica Financial Corporation (PFC), led by a multinational team of prestigious bankers of different nationalities with extensive knowledge about economic activities in countries of Central America, the Caribbean and South America , with 25 years of successful performance, becoming one of the most important financial group in Latin America; with presence in nine countries: Guatemala, El Salvador, Honduras, Nicaragua, Costa Rica, Panama, Ecuador, Dominican Republic and Grand Cayman.<\/p>\n<p><a href=\"https:\/\/afcomunicacion.com\/en\/pacific-credit-improves-banco-promericas-rating\/\" target=\"_blank\" rel=\"noopener noreferrer\">Pacific Credit improves Banco Promerica&#8217;s rating<\/a><\/p>\n","protected":false},"excerpt":{"rendered":"<p>Santo Domingo, D N.- The International Finance Corporation (IFC), a member of the World Bank Group, has granted long-term financing for USD 92.5 million to subsidiaries of Grupo Promerica to expand access to funding for small and medium enterprises ( SMEs). Although these companies are employment-generating, they lack access to financing, which limits their capacity [&hellip;]<\/p>\n","protected":false},"author":3,"featured_media":3662,"comment_status":"open","ping_status":"open","sticky":false,"template":"","format":"standard","meta":{"content-type":"","_monsterinsights_skip_tracking":false,"footnotes":""},"categories":[486],"tags":[545],"class_list":["post-3645","post","type-post","status-publish","format-standard","has-post-thumbnail","hentry","category-press-room","tag-promerica-en"],"yoast_head":"<!-- This site is optimized with the Yoast SEO Premium plugin v28.3 (Yoast SEO v28.3) - https:\/\/yoast.com\/product\/yoast-seo-premium-wordpress\/ -->\n<title>IFC awards USD $ 92.5 million to subsidiaries of Grupo Promerica<\/title>\n<meta name=\"description\" content=\"The subsidiaries of Promerica in some countries will use IFC funds to provide loans to companies that wish to adopt more energy-efficient practices.\" \/>\n<meta name=\"robots\" content=\"index, follow, max-snippet:-1, max-image-preview:large, max-video-preview:-1\" \/>\n<link rel=\"canonical\" href=\"https:\/\/afcomunicacion.com\/en\/press-room\/ifc-awards-usd-92-5-million-to-subsidiaries-of-grupo-promerica\/\" \/>\n<meta property=\"og:locale\" content=\"en_US\" \/>\n<meta property=\"og:type\" content=\"article\" \/>\n<meta property=\"og:title\" content=\"IFC awards USD $ 92.5 million to subsidiaries of Grupo Promerica\" \/>\n<meta property=\"og:description\" content=\"The subsidiaries of Promerica in some countries will use IFC funds to provide loans to companies that wish to adopt more energy-efficient practices.\" \/>\n<meta property=\"og:url\" content=\"https:\/\/afcomunicacion.com\/en\/press-room\/ifc-awards-usd-92-5-million-to-subsidiaries-of-grupo-promerica\/\" \/>\n<meta property=\"og:site_name\" content=\"AF Comunicaci\u00f3n Estrat\u00e9gica\" \/>\n<meta property=\"article:publisher\" content=\"https:\/\/www.facebook.com\/afcomunicacionestrategica\" \/>\n<meta property=\"article:published_time\" content=\"2017-02-14T15:22:55+00:00\" \/>\n<meta property=\"article:modified_time\" content=\"2019-09-02T03:54:12+00:00\" \/>\n<meta property=\"og:image\" content=\"https:\/\/afcomunicacion.com\/wp-content\/uploads\/2017\/02\/Promerica-1.jpg\" \/>\n\t<meta property=\"og:image:width\" content=\"1034\" \/>\n\t<meta property=\"og:image:height\" content=\"1463\" \/>\n\t<meta property=\"og:image:type\" content=\"image\/jpeg\" \/>\n<meta name=\"author\" content=\"Eduard Gottschalk\" \/>\n<meta name=\"twitter:card\" content=\"summary_large_image\" \/>\n<meta name=\"twitter:creator\" content=\"@AFComunicacion\" \/>\n<meta name=\"twitter:site\" content=\"@AFComunicacion\" \/>\n<meta name=\"twitter:label1\" content=\"Written by\" \/>\n\t<meta name=\"twitter:data1\" content=\"Eduard Gottschalk\" \/>\n\t<meta name=\"twitter:label2\" content=\"Est. reading time\" \/>\n\t<meta name=\"twitter:data2\" content=\"2 minutes\" \/>\n<script type=\"application\/ld+json\" class=\"yoast-schema-graph\">{\"@context\":\"https:\\\/\\\/schema.org\",\"@graph\":[{\"@type\":\"Article\",\"@id\":\"https:\\\/\\\/afcomunicacion.com\\\/en\\\/press-room\\\/ifc-awards-usd-92-5-million-to-subsidiaries-of-grupo-promerica\\\/#article\",\"isPartOf\":{\"@id\":\"https:\\\/\\\/afcomunicacion.com\\\/en\\\/press-room\\\/ifc-awards-usd-92-5-million-to-subsidiaries-of-grupo-promerica\\\/\"},\"author\":{\"name\":\"Eduard Gottschalk\",\"@id\":\"https:\\\/\\\/afcomunicacion.com\\\/en\\\/#\\\/schema\\\/person\\\/005b5e5e1ee03ed413467cc371274243\"},\"headline\":\"IFC awards USD $ 92.5 million to subsidiaries of Grupo Promerica\",\"datePublished\":\"2017-02-14T15:22:55+00:00\",\"dateModified\":\"2019-09-02T03:54:12+00:00\",\"mainEntityOfPage\":{\"@id\":\"https:\\\/\\\/afcomunicacion.com\\\/en\\\/press-room\\\/ifc-awards-usd-92-5-million-to-subsidiaries-of-grupo-promerica\\\/\"},\"wordCount\":438,\"commentCount\":0,\"publisher\":{\"@id\":\"https:\\\/\\\/afcomunicacion.com\\\/en\\\/#organization\"},\"image\":{\"@id\":\"https:\\\/\\\/afcomunicacion.com\\\/en\\\/press-room\\\/ifc-awards-usd-92-5-million-to-subsidiaries-of-grupo-promerica\\\/#primaryimage\"},\"thumbnailUrl\":\"https:\\\/\\\/afcomunicacion.com\\\/wp-content\\\/uploads\\\/2017\\\/02\\\/Promerica-1.jpg\",\"keywords\":[\"Promerica\"],\"articleSection\":[\"Press Room\"],\"inLanguage\":\"en-US\",\"potentialAction\":[{\"@type\":\"CommentAction\",\"name\":\"Comment\",\"target\":[\"https:\\\/\\\/afcomunicacion.com\\\/en\\\/press-room\\\/ifc-awards-usd-92-5-million-to-subsidiaries-of-grupo-promerica\\\/#respond\"]}]},{\"@type\":\"WebPage\",\"@id\":\"https:\\\/\\\/afcomunicacion.com\\\/en\\\/press-room\\\/ifc-awards-usd-92-5-million-to-subsidiaries-of-grupo-promerica\\\/\",\"url\":\"https:\\\/\\\/afcomunicacion.com\\\/en\\\/press-room\\\/ifc-awards-usd-92-5-million-to-subsidiaries-of-grupo-promerica\\\/\",\"name\":\"IFC awards USD $ 92.5 million to subsidiaries of Grupo Promerica\",\"isPartOf\":{\"@id\":\"https:\\\/\\\/afcomunicacion.com\\\/en\\\/#website\"},\"primaryImageOfPage\":{\"@id\":\"https:\\\/\\\/afcomunicacion.com\\\/en\\\/press-room\\\/ifc-awards-usd-92-5-million-to-subsidiaries-of-grupo-promerica\\\/#primaryimage\"},\"image\":{\"@id\":\"https:\\\/\\\/afcomunicacion.com\\\/en\\\/press-room\\\/ifc-awards-usd-92-5-million-to-subsidiaries-of-grupo-promerica\\\/#primaryimage\"},\"thumbnailUrl\":\"https:\\\/\\\/afcomunicacion.com\\\/wp-content\\\/uploads\\\/2017\\\/02\\\/Promerica-1.jpg\",\"datePublished\":\"2017-02-14T15:22:55+00:00\",\"dateModified\":\"2019-09-02T03:54:12+00:00\",\"description\":\"The subsidiaries of Promerica in some countries will use IFC funds to provide loans to companies that wish to adopt more energy-efficient practices.\",\"breadcrumb\":{\"@id\":\"https:\\\/\\\/afcomunicacion.com\\\/en\\\/press-room\\\/ifc-awards-usd-92-5-million-to-subsidiaries-of-grupo-promerica\\\/#breadcrumb\"},\"inLanguage\":\"en-US\",\"potentialAction\":[{\"@type\":\"ReadAction\",\"target\":[\"https:\\\/\\\/afcomunicacion.com\\\/en\\\/press-room\\\/ifc-awards-usd-92-5-million-to-subsidiaries-of-grupo-promerica\\\/\"]}]},{\"@type\":\"ImageObject\",\"inLanguage\":\"en-US\",\"@id\":\"https:\\\/\\\/afcomunicacion.com\\\/en\\\/press-room\\\/ifc-awards-usd-92-5-million-to-subsidiaries-of-grupo-promerica\\\/#primaryimage\",\"url\":\"https:\\\/\\\/afcomunicacion.com\\\/wp-content\\\/uploads\\\/2017\\\/02\\\/Promerica-1.jpg\",\"contentUrl\":\"https:\\\/\\\/afcomunicacion.com\\\/wp-content\\\/uploads\\\/2017\\\/02\\\/Promerica-1.jpg\",\"width\":1034,\"height\":1463},{\"@type\":\"BreadcrumbList\",\"@id\":\"https:\\\/\\\/afcomunicacion.com\\\/en\\\/press-room\\\/ifc-awards-usd-92-5-million-to-subsidiaries-of-grupo-promerica\\\/#breadcrumb\",\"itemListElement\":[{\"@type\":\"ListItem\",\"position\":1,\"name\":\"Portada\",\"item\":\"https:\\\/\\\/afcomunicacion.com\\\/en\\\/\"},{\"@type\":\"ListItem\",\"position\":2,\"name\":\"IFC awards USD $ 92.5 million to subsidiaries of Grupo Promerica\"}]},{\"@type\":\"WebSite\",\"@id\":\"https:\\\/\\\/afcomunicacion.com\\\/en\\\/#website\",\"url\":\"https:\\\/\\\/afcomunicacion.com\\\/en\\\/\",\"name\":\"AF Comunicaci\u00f3n Estrat\u00e9gica\",\"description\":\"Agencia especializada en consultor\u00eda de Comunicaci\u00f3n Estrat\u00e9gica, Relaciones P\u00fablicas y Eventos Corporativos.\",\"publisher\":{\"@id\":\"https:\\\/\\\/afcomunicacion.com\\\/en\\\/#organization\"},\"potentialAction\":[{\"@type\":\"SearchAction\",\"target\":{\"@type\":\"EntryPoint\",\"urlTemplate\":\"https:\\\/\\\/afcomunicacion.com\\\/en\\\/?s={search_term_string}\"},\"query-input\":{\"@type\":\"PropertyValueSpecification\",\"valueRequired\":true,\"valueName\":\"search_term_string\"}}],\"inLanguage\":\"en-US\"},{\"@type\":\"Organization\",\"@id\":\"https:\\\/\\\/afcomunicacion.com\\\/en\\\/#organization\",\"name\":\"AF Comunicaci\u00f3n Estrat\u00e9gica\",\"url\":\"https:\\\/\\\/afcomunicacion.com\\\/en\\\/\",\"logo\":{\"@type\":\"ImageObject\",\"inLanguage\":\"en-US\",\"@id\":\"https:\\\/\\\/afcomunicacion.com\\\/en\\\/#\\\/schema\\\/logo\\\/image\\\/\",\"url\":\"\",\"contentUrl\":\"\",\"caption\":\"AF Comunicaci\u00f3n Estrat\u00e9gica\"},\"image\":{\"@id\":\"https:\\\/\\\/afcomunicacion.com\\\/en\\\/#\\\/schema\\\/logo\\\/image\\\/\"},\"sameAs\":[\"https:\\\/\\\/www.facebook.com\\\/afcomunicacionestrategica\",\"https:\\\/\\\/x.com\\\/AFComunicacion\",\"https:\\\/\\\/www.instagram.com\\\/afcomunicacion\\\/\",\"https:\\\/\\\/www.linkedin.com\\\/company\\\/afcomunicacion\\\/?viewAsMember=true\",\"https:\\\/\\\/www.youtube.com\\\/channel\\\/UCb0JkclVAyd3M9SzeiiNJAg\"]},{\"@type\":\"Person\",\"@id\":\"https:\\\/\\\/afcomunicacion.com\\\/en\\\/#\\\/schema\\\/person\\\/005b5e5e1ee03ed413467cc371274243\",\"name\":\"Eduard Gottschalk\",\"image\":{\"@type\":\"ImageObject\",\"inLanguage\":\"en-US\",\"@id\":\"https:\\\/\\\/secure.gravatar.com\\\/avatar\\\/624da6ff424ca7d7cf732a043e93bbc67d30b9f662fe0a5fd54d7b4c21d3af75?s=96&d=mm&r=g\",\"url\":\"https:\\\/\\\/secure.gravatar.com\\\/avatar\\\/624da6ff424ca7d7cf732a043e93bbc67d30b9f662fe0a5fd54d7b4c21d3af75?s=96&d=mm&r=g\",\"contentUrl\":\"https:\\\/\\\/secure.gravatar.com\\\/avatar\\\/624da6ff424ca7d7cf732a043e93bbc67d30b9f662fe0a5fd54d7b4c21d3af75?s=96&d=mm&r=g\",\"caption\":\"Eduard Gottschalk\"},\"url\":\"https:\\\/\\\/afcomunicacion.com\\\/en\\\/author\\\/egottschalk\\\/\"}]}<\/script>\n<!-- \/ Yoast SEO Premium plugin. -->","yoast_head_json":{"title":"IFC awards USD $ 92.5 million to subsidiaries of Grupo Promerica","description":"The subsidiaries of Promerica in some countries will use IFC funds to provide loans to companies that wish to adopt more energy-efficient practices.","robots":{"index":"index","follow":"follow","max-snippet":"max-snippet:-1","max-image-preview":"max-image-preview:large","max-video-preview":"max-video-preview:-1"},"canonical":"https:\/\/afcomunicacion.com\/en\/press-room\/ifc-awards-usd-92-5-million-to-subsidiaries-of-grupo-promerica\/","og_locale":"en_US","og_type":"article","og_title":"IFC awards USD $ 92.5 million to subsidiaries of Grupo Promerica","og_description":"The subsidiaries of Promerica in some countries will use IFC funds to provide loans to companies that wish to adopt more energy-efficient practices.","og_url":"https:\/\/afcomunicacion.com\/en\/press-room\/ifc-awards-usd-92-5-million-to-subsidiaries-of-grupo-promerica\/","og_site_name":"AF Comunicaci\u00f3n Estrat\u00e9gica","article_publisher":"https:\/\/www.facebook.com\/afcomunicacionestrategica","article_published_time":"2017-02-14T15:22:55+00:00","article_modified_time":"2019-09-02T03:54:12+00:00","og_image":[{"width":1034,"height":1463,"url":"https:\/\/afcomunicacion.com\/wp-content\/uploads\/2017\/02\/Promerica-1.jpg","type":"image\/jpeg"}],"author":"Eduard Gottschalk","twitter_card":"summary_large_image","twitter_creator":"@AFComunicacion","twitter_site":"@AFComunicacion","twitter_misc":{"Written by":"Eduard Gottschalk","Est. reading time":"2 minutes"},"schema":{"@context":"https:\/\/schema.org","@graph":[{"@type":"Article","@id":"https:\/\/afcomunicacion.com\/en\/press-room\/ifc-awards-usd-92-5-million-to-subsidiaries-of-grupo-promerica\/#article","isPartOf":{"@id":"https:\/\/afcomunicacion.com\/en\/press-room\/ifc-awards-usd-92-5-million-to-subsidiaries-of-grupo-promerica\/"},"author":{"name":"Eduard Gottschalk","@id":"https:\/\/afcomunicacion.com\/en\/#\/schema\/person\/005b5e5e1ee03ed413467cc371274243"},"headline":"IFC awards USD $ 92.5 million to subsidiaries of Grupo Promerica","datePublished":"2017-02-14T15:22:55+00:00","dateModified":"2019-09-02T03:54:12+00:00","mainEntityOfPage":{"@id":"https:\/\/afcomunicacion.com\/en\/press-room\/ifc-awards-usd-92-5-million-to-subsidiaries-of-grupo-promerica\/"},"wordCount":438,"commentCount":0,"publisher":{"@id":"https:\/\/afcomunicacion.com\/en\/#organization"},"image":{"@id":"https:\/\/afcomunicacion.com\/en\/press-room\/ifc-awards-usd-92-5-million-to-subsidiaries-of-grupo-promerica\/#primaryimage"},"thumbnailUrl":"https:\/\/afcomunicacion.com\/wp-content\/uploads\/2017\/02\/Promerica-1.jpg","keywords":["Promerica"],"articleSection":["Press Room"],"inLanguage":"en-US","potentialAction":[{"@type":"CommentAction","name":"Comment","target":["https:\/\/afcomunicacion.com\/en\/press-room\/ifc-awards-usd-92-5-million-to-subsidiaries-of-grupo-promerica\/#respond"]}]},{"@type":"WebPage","@id":"https:\/\/afcomunicacion.com\/en\/press-room\/ifc-awards-usd-92-5-million-to-subsidiaries-of-grupo-promerica\/","url":"https:\/\/afcomunicacion.com\/en\/press-room\/ifc-awards-usd-92-5-million-to-subsidiaries-of-grupo-promerica\/","name":"IFC awards USD $ 92.5 million to subsidiaries of Grupo Promerica","isPartOf":{"@id":"https:\/\/afcomunicacion.com\/en\/#website"},"primaryImageOfPage":{"@id":"https:\/\/afcomunicacion.com\/en\/press-room\/ifc-awards-usd-92-5-million-to-subsidiaries-of-grupo-promerica\/#primaryimage"},"image":{"@id":"https:\/\/afcomunicacion.com\/en\/press-room\/ifc-awards-usd-92-5-million-to-subsidiaries-of-grupo-promerica\/#primaryimage"},"thumbnailUrl":"https:\/\/afcomunicacion.com\/wp-content\/uploads\/2017\/02\/Promerica-1.jpg","datePublished":"2017-02-14T15:22:55+00:00","dateModified":"2019-09-02T03:54:12+00:00","description":"The subsidiaries of Promerica in some countries will use IFC funds to provide loans to companies that wish to adopt more energy-efficient practices.","breadcrumb":{"@id":"https:\/\/afcomunicacion.com\/en\/press-room\/ifc-awards-usd-92-5-million-to-subsidiaries-of-grupo-promerica\/#breadcrumb"},"inLanguage":"en-US","potentialAction":[{"@type":"ReadAction","target":["https:\/\/afcomunicacion.com\/en\/press-room\/ifc-awards-usd-92-5-million-to-subsidiaries-of-grupo-promerica\/"]}]},{"@type":"ImageObject","inLanguage":"en-US","@id":"https:\/\/afcomunicacion.com\/en\/press-room\/ifc-awards-usd-92-5-million-to-subsidiaries-of-grupo-promerica\/#primaryimage","url":"https:\/\/afcomunicacion.com\/wp-content\/uploads\/2017\/02\/Promerica-1.jpg","contentUrl":"https:\/\/afcomunicacion.com\/wp-content\/uploads\/2017\/02\/Promerica-1.jpg","width":1034,"height":1463},{"@type":"BreadcrumbList","@id":"https:\/\/afcomunicacion.com\/en\/press-room\/ifc-awards-usd-92-5-million-to-subsidiaries-of-grupo-promerica\/#breadcrumb","itemListElement":[{"@type":"ListItem","position":1,"name":"Portada","item":"https:\/\/afcomunicacion.com\/en\/"},{"@type":"ListItem","position":2,"name":"IFC awards USD $ 92.5 million to subsidiaries of Grupo Promerica"}]},{"@type":"WebSite","@id":"https:\/\/afcomunicacion.com\/en\/#website","url":"https:\/\/afcomunicacion.com\/en\/","name":"AF Comunicaci\u00f3n Estrat\u00e9gica","description":"Agencia especializada en consultor\u00eda de Comunicaci\u00f3n Estrat\u00e9gica, Relaciones P\u00fablicas y Eventos Corporativos.","publisher":{"@id":"https:\/\/afcomunicacion.com\/en\/#organization"},"potentialAction":[{"@type":"SearchAction","target":{"@type":"EntryPoint","urlTemplate":"https:\/\/afcomunicacion.com\/en\/?s={search_term_string}"},"query-input":{"@type":"PropertyValueSpecification","valueRequired":true,"valueName":"search_term_string"}}],"inLanguage":"en-US"},{"@type":"Organization","@id":"https:\/\/afcomunicacion.com\/en\/#organization","name":"AF Comunicaci\u00f3n Estrat\u00e9gica","url":"https:\/\/afcomunicacion.com\/en\/","logo":{"@type":"ImageObject","inLanguage":"en-US","@id":"https:\/\/afcomunicacion.com\/en\/#\/schema\/logo\/image\/","url":"","contentUrl":"","caption":"AF Comunicaci\u00f3n Estrat\u00e9gica"},"image":{"@id":"https:\/\/afcomunicacion.com\/en\/#\/schema\/logo\/image\/"},"sameAs":["https:\/\/www.facebook.com\/afcomunicacionestrategica","https:\/\/x.com\/AFComunicacion","https:\/\/www.instagram.com\/afcomunicacion\/","https:\/\/www.linkedin.com\/company\/afcomunicacion\/?viewAsMember=true","https:\/\/www.youtube.com\/channel\/UCb0JkclVAyd3M9SzeiiNJAg"]},{"@type":"Person","@id":"https:\/\/afcomunicacion.com\/en\/#\/schema\/person\/005b5e5e1ee03ed413467cc371274243","name":"Eduard Gottschalk","image":{"@type":"ImageObject","inLanguage":"en-US","@id":"https:\/\/secure.gravatar.com\/avatar\/624da6ff424ca7d7cf732a043e93bbc67d30b9f662fe0a5fd54d7b4c21d3af75?s=96&d=mm&r=g","url":"https:\/\/secure.gravatar.com\/avatar\/624da6ff424ca7d7cf732a043e93bbc67d30b9f662fe0a5fd54d7b4c21d3af75?s=96&d=mm&r=g","contentUrl":"https:\/\/secure.gravatar.com\/avatar\/624da6ff424ca7d7cf732a043e93bbc67d30b9f662fe0a5fd54d7b4c21d3af75?s=96&d=mm&r=g","caption":"Eduard Gottschalk"},"url":"https:\/\/afcomunicacion.com\/en\/author\/egottschalk\/"}]}},"_links":{"self":[{"href":"https:\/\/afcomunicacion.com\/en\/wp-json\/wp\/v2\/posts\/3645","targetHints":{"allow":["GET"]}}],"collection":[{"href":"https:\/\/afcomunicacion.com\/en\/wp-json\/wp\/v2\/posts"}],"about":[{"href":"https:\/\/afcomunicacion.com\/en\/wp-json\/wp\/v2\/types\/post"}],"author":[{"embeddable":true,"href":"https:\/\/afcomunicacion.com\/en\/wp-json\/wp\/v2\/users\/3"}],"replies":[{"embeddable":true,"href":"https:\/\/afcomunicacion.com\/en\/wp-json\/wp\/v2\/comments?post=3645"}],"version-history":[{"count":0,"href":"https:\/\/afcomunicacion.com\/en\/wp-json\/wp\/v2\/posts\/3645\/revisions"}],"wp:featuredmedia":[{"embeddable":true,"href":"https:\/\/afcomunicacion.com\/en\/wp-json\/wp\/v2\/media\/3662"}],"wp:attachment":[{"href":"https:\/\/afcomunicacion.com\/en\/wp-json\/wp\/v2\/media?parent=3645"}],"wp:term":[{"taxonomy":"category","embeddable":true,"href":"https:\/\/afcomunicacion.com\/en\/wp-json\/wp\/v2\/categories?post=3645"},{"taxonomy":"post_tag","embeddable":true,"href":"https:\/\/afcomunicacion.com\/en\/wp-json\/wp\/v2\/tags?post=3645"}],"curies":[{"name":"wp","href":"https:\/\/api.w.org\/{rel}","templated":true}]}}