{"id":3735,"date":"2016-01-15T09:13:26","date_gmt":"2016-01-15T13:13:26","guid":{"rendered":"https:\/\/afcomunicacion.com\/?p=3735"},"modified":"2019-09-01T13:21:33","modified_gmt":"2019-09-01T17:21:33","slug":"ars-palic-held-a-digital-business-innovation-conference","status":"publish","type":"post","link":"https:\/\/afcomunicacion.com\/en\/press-room\/ars-palic-held-a-digital-business-innovation-conference\/","title":{"rendered":"ARS Palic held a digital business innovation conference"},"content":{"rendered":"<p>ARS Palic remains at the forefront in the digital world, and this time he held a keynote conference with his brokers, entitled &#8220;Business Reinvention: Digital innovation in the company as a key to sustainable development&#8221;, which was given by the international speaker Juan Merodio, one of the leading experts in Digital Marketing, Social Networks and Web 2.0 in Spain and Latin America.<\/p>\n<p>The meeting was developed with the main objective of providing innovative business tools that allow brokers to create new strategies to build loyalty for their current clients, as well as meet their potential affiliates.<\/p>\n<p>The Executive Vice President and General Manager of Palic, Dr. Andr\u00e9s Mej\u00eda, welcomed and said that the brokers are the main strategic allies of the company and have always been a great support for the institution, in addition, he expressed his gratitude for the trust placed by the same in <a href=\"https:\/\/www.arspalic.com.do\/\" target=\"_blank\" rel=\"noopener noreferrer\">ARS Palic.<\/a><\/p>\n<p>Dr. Mej\u00eda pointed out that &#8220;also as the digital era is evolving, relations between the company and its brokers are strengthening, for the benefit of the more than 700 thousand members they own.&#8221;<\/p>\n<p>The lecturer, Juan Merodio, stressed that companies can no longer be what they were, so if they want to be sustainable over time they must think in terms of company 3.0 and new management.<\/p>\n<p>The conference was held in a camaraderie environment where ARS Palic executives shared an exquisite breakfast with the runners.<\/p>\n<p>ARS Palic, is a health risk manager, market leader, committed to offering excellent services, guidance and comprehensive support for the health conservation of its members.<\/p>\n","protected":false},"excerpt":{"rendered":"<p>ARS Palic remains at the forefront in the digital world, and this time he held a keynote conference with his brokers, entitled &#8220;Business Reinvention: Digital innovation in the company as a key to sustainable development&#8221;, which was given by the international speaker Juan Merodio, one of the leading experts in Digital Marketing, Social Networks and [&hellip;]<\/p>\n","protected":false},"author":3,"featured_media":3742,"comment_status":"open","ping_status":"open","sticky":false,"template":"","format":"standard","meta":{"content-type":"","_monsterinsights_skip_tracking":false,"_monsterinsights_sitenote_active":false,"_monsterinsights_sitenote_note":"","_monsterinsights_sitenote_category":0,"footnotes":""},"categories":[486],"tags":[523],"class_list":["post-3735","post","type-post","status-publish","format-standard","has-post-thumbnail","hentry","category-press-room","tag-ars-palic-en"],"yoast_head":"<!-- This site is optimized with the Yoast SEO Premium plugin v27.5 (Yoast SEO v27.5) - https:\/\/yoast.com\/product\/yoast-seo-premium-wordpress\/ -->\n<title>ARS Palic held a digital business innovation conference<\/title>\n<meta name=\"robots\" content=\"index, follow, max-snippet:-1, max-image-preview:large, max-video-preview:-1\" \/>\n<link rel=\"canonical\" href=\"https:\/\/afcomunicacion.com\/en\/press-room\/ars-palic-held-a-digital-business-innovation-conference\/\" \/>\n<meta property=\"og:locale\" content=\"en_US\" \/>\n<meta property=\"og:type\" content=\"article\" \/>\n<meta property=\"og:title\" content=\"ARS Palic held a digital business innovation conference\" \/>\n<meta property=\"og:description\" content=\"ARS Palic remains at the forefront in the digital world, and this time he held a keynote conference with his brokers, entitled &#8220;Business Reinvention: Digital innovation in the company as a key to sustainable development&#8221;, which was given by the international speaker Juan Merodio, one of the leading experts in Digital Marketing, Social Networks and [&hellip;]\" \/>\n<meta property=\"og:url\" content=\"https:\/\/afcomunicacion.com\/en\/press-room\/ars-palic-held-a-digital-business-innovation-conference\/\" \/>\n<meta property=\"og:site_name\" content=\"AF Comunicaci\u00f3n Estrat\u00e9gica\" \/>\n<meta property=\"article:publisher\" content=\"https:\/\/www.facebook.com\/afcomunicacionestrategica\" \/>\n<meta property=\"article:published_time\" content=\"2016-01-15T13:13:26+00:00\" \/>\n<meta property=\"article:modified_time\" content=\"2019-09-01T17:21:33+00:00\" \/>\n<meta property=\"og:image\" content=\"https:\/\/afcomunicacion.com\/wp-content\/uploads\/2016\/01\/DSC_1940.jpg\" \/>\n\t<meta property=\"og:image:width\" content=\"1083\" \/>\n\t<meta property=\"og:image:height\" content=\"722\" \/>\n\t<meta property=\"og:image:type\" content=\"image\/jpeg\" \/>\n<meta name=\"author\" content=\"Eduard Gottschalk\" \/>\n<meta name=\"twitter:card\" content=\"summary_large_image\" \/>\n<meta name=\"twitter:creator\" content=\"@AFComunicacion\" \/>\n<meta name=\"twitter:site\" content=\"@AFComunicacion\" \/>\n<meta name=\"twitter:label1\" content=\"Written by\" \/>\n\t<meta name=\"twitter:data1\" content=\"Eduard Gottschalk\" \/>\n\t<meta name=\"twitter:label2\" content=\"Est. reading time\" \/>\n\t<meta name=\"twitter:data2\" content=\"1 minute\" \/>\n<script type=\"application\/ld+json\" class=\"yoast-schema-graph\">{\"@context\":\"https:\\\/\\\/schema.org\",\"@graph\":[{\"@type\":\"Article\",\"@id\":\"https:\\\/\\\/afcomunicacion.com\\\/en\\\/press-room\\\/ars-palic-held-a-digital-business-innovation-conference\\\/#article\",\"isPartOf\":{\"@id\":\"https:\\\/\\\/afcomunicacion.com\\\/en\\\/press-room\\\/ars-palic-held-a-digital-business-innovation-conference\\\/\"},\"author\":{\"name\":\"Eduard Gottschalk\",\"@id\":\"https:\\\/\\\/afcomunicacion.com\\\/en\\\/#\\\/schema\\\/person\\\/af82ad47db83b8f3932f19530a369584\"},\"headline\":\"ARS Palic held a digital business innovation conference\",\"datePublished\":\"2016-01-15T13:13:26+00:00\",\"dateModified\":\"2019-09-01T17:21:33+00:00\",\"mainEntityOfPage\":{\"@id\":\"https:\\\/\\\/afcomunicacion.com\\\/en\\\/press-room\\\/ars-palic-held-a-digital-business-innovation-conference\\\/\"},\"wordCount\":267,\"commentCount\":0,\"publisher\":{\"@id\":\"https:\\\/\\\/afcomunicacion.com\\\/en\\\/#organization\"},\"image\":{\"@id\":\"https:\\\/\\\/afcomunicacion.com\\\/en\\\/press-room\\\/ars-palic-held-a-digital-business-innovation-conference\\\/#primaryimage\"},\"thumbnailUrl\":\"https:\\\/\\\/afcomunicacion.com\\\/wp-content\\\/uploads\\\/2016\\\/01\\\/DSC_1940.jpg\",\"keywords\":[\"ARS Palic\"],\"articleSection\":[\"Press Room\"],\"inLanguage\":\"en-US\",\"potentialAction\":[{\"@type\":\"CommentAction\",\"name\":\"Comment\",\"target\":[\"https:\\\/\\\/afcomunicacion.com\\\/en\\\/press-room\\\/ars-palic-held-a-digital-business-innovation-conference\\\/#respond\"]}]},{\"@type\":\"WebPage\",\"@id\":\"https:\\\/\\\/afcomunicacion.com\\\/en\\\/press-room\\\/ars-palic-held-a-digital-business-innovation-conference\\\/\",\"url\":\"https:\\\/\\\/afcomunicacion.com\\\/en\\\/press-room\\\/ars-palic-held-a-digital-business-innovation-conference\\\/\",\"name\":\"ARS Palic held a digital business innovation conference\",\"isPartOf\":{\"@id\":\"https:\\\/\\\/afcomunicacion.com\\\/en\\\/#website\"},\"primaryImageOfPage\":{\"@id\":\"https:\\\/\\\/afcomunicacion.com\\\/en\\\/press-room\\\/ars-palic-held-a-digital-business-innovation-conference\\\/#primaryimage\"},\"image\":{\"@id\":\"https:\\\/\\\/afcomunicacion.com\\\/en\\\/press-room\\\/ars-palic-held-a-digital-business-innovation-conference\\\/#primaryimage\"},\"thumbnailUrl\":\"https:\\\/\\\/afcomunicacion.com\\\/wp-content\\\/uploads\\\/2016\\\/01\\\/DSC_1940.jpg\",\"datePublished\":\"2016-01-15T13:13:26+00:00\",\"dateModified\":\"2019-09-01T17:21:33+00:00\",\"breadcrumb\":{\"@id\":\"https:\\\/\\\/afcomunicacion.com\\\/en\\\/press-room\\\/ars-palic-held-a-digital-business-innovation-conference\\\/#breadcrumb\"},\"inLanguage\":\"en-US\",\"potentialAction\":[{\"@type\":\"ReadAction\",\"target\":[\"https:\\\/\\\/afcomunicacion.com\\\/en\\\/press-room\\\/ars-palic-held-a-digital-business-innovation-conference\\\/\"]}]},{\"@type\":\"ImageObject\",\"inLanguage\":\"en-US\",\"@id\":\"https:\\\/\\\/afcomunicacion.com\\\/en\\\/press-room\\\/ars-palic-held-a-digital-business-innovation-conference\\\/#primaryimage\",\"url\":\"https:\\\/\\\/afcomunicacion.com\\\/wp-content\\\/uploads\\\/2016\\\/01\\\/DSC_1940.jpg\",\"contentUrl\":\"https:\\\/\\\/afcomunicacion.com\\\/wp-content\\\/uploads\\\/2016\\\/01\\\/DSC_1940.jpg\",\"width\":1083,\"height\":722},{\"@type\":\"BreadcrumbList\",\"@id\":\"https:\\\/\\\/afcomunicacion.com\\\/en\\\/press-room\\\/ars-palic-held-a-digital-business-innovation-conference\\\/#breadcrumb\",\"itemListElement\":[{\"@type\":\"ListItem\",\"position\":1,\"name\":\"Portada\",\"item\":\"https:\\\/\\\/afcomunicacion.com\\\/en\\\/\"},{\"@type\":\"ListItem\",\"position\":2,\"name\":\"ARS Palic held a digital business innovation conference\"}]},{\"@type\":\"WebSite\",\"@id\":\"https:\\\/\\\/afcomunicacion.com\\\/en\\\/#website\",\"url\":\"https:\\\/\\\/afcomunicacion.com\\\/en\\\/\",\"name\":\"AF Comunicaci\u00f3n Estrat\u00e9gica\",\"description\":\"Agencia especializada en consultor\u00eda de Comunicaci\u00f3n Estrat\u00e9gica, Relaciones P\u00fablicas y Eventos Corporativos.\",\"publisher\":{\"@id\":\"https:\\\/\\\/afcomunicacion.com\\\/en\\\/#organization\"},\"potentialAction\":[{\"@type\":\"SearchAction\",\"target\":{\"@type\":\"EntryPoint\",\"urlTemplate\":\"https:\\\/\\\/afcomunicacion.com\\\/en\\\/?s={search_term_string}\"},\"query-input\":{\"@type\":\"PropertyValueSpecification\",\"valueRequired\":true,\"valueName\":\"search_term_string\"}}],\"inLanguage\":\"en-US\"},{\"@type\":\"Organization\",\"@id\":\"https:\\\/\\\/afcomunicacion.com\\\/en\\\/#organization\",\"name\":\"AF Comunicaci\u00f3n Estrat\u00e9gica\",\"url\":\"https:\\\/\\\/afcomunicacion.com\\\/en\\\/\",\"logo\":{\"@type\":\"ImageObject\",\"inLanguage\":\"en-US\",\"@id\":\"https:\\\/\\\/afcomunicacion.com\\\/en\\\/#\\\/schema\\\/logo\\\/image\\\/\",\"url\":\"\",\"contentUrl\":\"\",\"caption\":\"AF Comunicaci\u00f3n Estrat\u00e9gica\"},\"image\":{\"@id\":\"https:\\\/\\\/afcomunicacion.com\\\/en\\\/#\\\/schema\\\/logo\\\/image\\\/\"},\"sameAs\":[\"https:\\\/\\\/www.facebook.com\\\/afcomunicacionestrategica\",\"https:\\\/\\\/x.com\\\/AFComunicacion\",\"https:\\\/\\\/www.instagram.com\\\/afcomunicacion\\\/\",\"https:\\\/\\\/www.linkedin.com\\\/company\\\/afcomunicacion\\\/?viewAsMember=true\",\"https:\\\/\\\/www.youtube.com\\\/channel\\\/UCb0JkclVAyd3M9SzeiiNJAg\"]},{\"@type\":\"Person\",\"@id\":\"https:\\\/\\\/afcomunicacion.com\\\/en\\\/#\\\/schema\\\/person\\\/af82ad47db83b8f3932f19530a369584\",\"name\":\"Eduard Gottschalk\",\"image\":{\"@type\":\"ImageObject\",\"inLanguage\":\"en-US\",\"@id\":\"https:\\\/\\\/secure.gravatar.com\\\/avatar\\\/624da6ff424ca7d7cf732a043e93bbc67d30b9f662fe0a5fd54d7b4c21d3af75?s=96&d=mm&r=g\",\"url\":\"https:\\\/\\\/secure.gravatar.com\\\/avatar\\\/624da6ff424ca7d7cf732a043e93bbc67d30b9f662fe0a5fd54d7b4c21d3af75?s=96&d=mm&r=g\",\"contentUrl\":\"https:\\\/\\\/secure.gravatar.com\\\/avatar\\\/624da6ff424ca7d7cf732a043e93bbc67d30b9f662fe0a5fd54d7b4c21d3af75?s=96&d=mm&r=g\",\"caption\":\"Eduard Gottschalk\"},\"url\":\"https:\\\/\\\/afcomunicacion.com\\\/en\\\/author\\\/egottschalk\\\/\"}]}<\/script>\n<!-- \/ Yoast SEO Premium plugin. -->","yoast_head_json":{"title":"ARS Palic held a digital business innovation conference","robots":{"index":"index","follow":"follow","max-snippet":"max-snippet:-1","max-image-preview":"max-image-preview:large","max-video-preview":"max-video-preview:-1"},"canonical":"https:\/\/afcomunicacion.com\/en\/press-room\/ars-palic-held-a-digital-business-innovation-conference\/","og_locale":"en_US","og_type":"article","og_title":"ARS Palic held a digital business innovation conference","og_description":"ARS Palic remains at the forefront in the digital world, and this time he held a keynote conference with his brokers, entitled &#8220;Business Reinvention: Digital innovation in the company as a key to sustainable development&#8221;, which was given by the international speaker Juan Merodio, one of the leading experts in Digital Marketing, Social Networks and [&hellip;]","og_url":"https:\/\/afcomunicacion.com\/en\/press-room\/ars-palic-held-a-digital-business-innovation-conference\/","og_site_name":"AF Comunicaci\u00f3n Estrat\u00e9gica","article_publisher":"https:\/\/www.facebook.com\/afcomunicacionestrategica","article_published_time":"2016-01-15T13:13:26+00:00","article_modified_time":"2019-09-01T17:21:33+00:00","og_image":[{"width":1083,"height":722,"url":"https:\/\/afcomunicacion.com\/wp-content\/uploads\/2016\/01\/DSC_1940.jpg","type":"image\/jpeg"}],"author":"Eduard Gottschalk","twitter_card":"summary_large_image","twitter_creator":"@AFComunicacion","twitter_site":"@AFComunicacion","twitter_misc":{"Written by":"Eduard Gottschalk","Est. reading time":"1 minute"},"schema":{"@context":"https:\/\/schema.org","@graph":[{"@type":"Article","@id":"https:\/\/afcomunicacion.com\/en\/press-room\/ars-palic-held-a-digital-business-innovation-conference\/#article","isPartOf":{"@id":"https:\/\/afcomunicacion.com\/en\/press-room\/ars-palic-held-a-digital-business-innovation-conference\/"},"author":{"name":"Eduard Gottschalk","@id":"https:\/\/afcomunicacion.com\/en\/#\/schema\/person\/af82ad47db83b8f3932f19530a369584"},"headline":"ARS Palic held a digital business innovation conference","datePublished":"2016-01-15T13:13:26+00:00","dateModified":"2019-09-01T17:21:33+00:00","mainEntityOfPage":{"@id":"https:\/\/afcomunicacion.com\/en\/press-room\/ars-palic-held-a-digital-business-innovation-conference\/"},"wordCount":267,"commentCount":0,"publisher":{"@id":"https:\/\/afcomunicacion.com\/en\/#organization"},"image":{"@id":"https:\/\/afcomunicacion.com\/en\/press-room\/ars-palic-held-a-digital-business-innovation-conference\/#primaryimage"},"thumbnailUrl":"https:\/\/afcomunicacion.com\/wp-content\/uploads\/2016\/01\/DSC_1940.jpg","keywords":["ARS Palic"],"articleSection":["Press Room"],"inLanguage":"en-US","potentialAction":[{"@type":"CommentAction","name":"Comment","target":["https:\/\/afcomunicacion.com\/en\/press-room\/ars-palic-held-a-digital-business-innovation-conference\/#respond"]}]},{"@type":"WebPage","@id":"https:\/\/afcomunicacion.com\/en\/press-room\/ars-palic-held-a-digital-business-innovation-conference\/","url":"https:\/\/afcomunicacion.com\/en\/press-room\/ars-palic-held-a-digital-business-innovation-conference\/","name":"ARS Palic held a digital business innovation conference","isPartOf":{"@id":"https:\/\/afcomunicacion.com\/en\/#website"},"primaryImageOfPage":{"@id":"https:\/\/afcomunicacion.com\/en\/press-room\/ars-palic-held-a-digital-business-innovation-conference\/#primaryimage"},"image":{"@id":"https:\/\/afcomunicacion.com\/en\/press-room\/ars-palic-held-a-digital-business-innovation-conference\/#primaryimage"},"thumbnailUrl":"https:\/\/afcomunicacion.com\/wp-content\/uploads\/2016\/01\/DSC_1940.jpg","datePublished":"2016-01-15T13:13:26+00:00","dateModified":"2019-09-01T17:21:33+00:00","breadcrumb":{"@id":"https:\/\/afcomunicacion.com\/en\/press-room\/ars-palic-held-a-digital-business-innovation-conference\/#breadcrumb"},"inLanguage":"en-US","potentialAction":[{"@type":"ReadAction","target":["https:\/\/afcomunicacion.com\/en\/press-room\/ars-palic-held-a-digital-business-innovation-conference\/"]}]},{"@type":"ImageObject","inLanguage":"en-US","@id":"https:\/\/afcomunicacion.com\/en\/press-room\/ars-palic-held-a-digital-business-innovation-conference\/#primaryimage","url":"https:\/\/afcomunicacion.com\/wp-content\/uploads\/2016\/01\/DSC_1940.jpg","contentUrl":"https:\/\/afcomunicacion.com\/wp-content\/uploads\/2016\/01\/DSC_1940.jpg","width":1083,"height":722},{"@type":"BreadcrumbList","@id":"https:\/\/afcomunicacion.com\/en\/press-room\/ars-palic-held-a-digital-business-innovation-conference\/#breadcrumb","itemListElement":[{"@type":"ListItem","position":1,"name":"Portada","item":"https:\/\/afcomunicacion.com\/en\/"},{"@type":"ListItem","position":2,"name":"ARS Palic held a digital business innovation conference"}]},{"@type":"WebSite","@id":"https:\/\/afcomunicacion.com\/en\/#website","url":"https:\/\/afcomunicacion.com\/en\/","name":"AF Comunicaci\u00f3n Estrat\u00e9gica","description":"Agencia especializada en consultor\u00eda de Comunicaci\u00f3n Estrat\u00e9gica, Relaciones P\u00fablicas y Eventos Corporativos.","publisher":{"@id":"https:\/\/afcomunicacion.com\/en\/#organization"},"potentialAction":[{"@type":"SearchAction","target":{"@type":"EntryPoint","urlTemplate":"https:\/\/afcomunicacion.com\/en\/?s={search_term_string}"},"query-input":{"@type":"PropertyValueSpecification","valueRequired":true,"valueName":"search_term_string"}}],"inLanguage":"en-US"},{"@type":"Organization","@id":"https:\/\/afcomunicacion.com\/en\/#organization","name":"AF Comunicaci\u00f3n Estrat\u00e9gica","url":"https:\/\/afcomunicacion.com\/en\/","logo":{"@type":"ImageObject","inLanguage":"en-US","@id":"https:\/\/afcomunicacion.com\/en\/#\/schema\/logo\/image\/","url":"","contentUrl":"","caption":"AF Comunicaci\u00f3n Estrat\u00e9gica"},"image":{"@id":"https:\/\/afcomunicacion.com\/en\/#\/schema\/logo\/image\/"},"sameAs":["https:\/\/www.facebook.com\/afcomunicacionestrategica","https:\/\/x.com\/AFComunicacion","https:\/\/www.instagram.com\/afcomunicacion\/","https:\/\/www.linkedin.com\/company\/afcomunicacion\/?viewAsMember=true","https:\/\/www.youtube.com\/channel\/UCb0JkclVAyd3M9SzeiiNJAg"]},{"@type":"Person","@id":"https:\/\/afcomunicacion.com\/en\/#\/schema\/person\/af82ad47db83b8f3932f19530a369584","name":"Eduard Gottschalk","image":{"@type":"ImageObject","inLanguage":"en-US","@id":"https:\/\/secure.gravatar.com\/avatar\/624da6ff424ca7d7cf732a043e93bbc67d30b9f662fe0a5fd54d7b4c21d3af75?s=96&d=mm&r=g","url":"https:\/\/secure.gravatar.com\/avatar\/624da6ff424ca7d7cf732a043e93bbc67d30b9f662fe0a5fd54d7b4c21d3af75?s=96&d=mm&r=g","contentUrl":"https:\/\/secure.gravatar.com\/avatar\/624da6ff424ca7d7cf732a043e93bbc67d30b9f662fe0a5fd54d7b4c21d3af75?s=96&d=mm&r=g","caption":"Eduard Gottschalk"},"url":"https:\/\/afcomunicacion.com\/en\/author\/egottschalk\/"}]}},"_links":{"self":[{"href":"https:\/\/afcomunicacion.com\/en\/wp-json\/wp\/v2\/posts\/3735","targetHints":{"allow":["GET"]}}],"collection":[{"href":"https:\/\/afcomunicacion.com\/en\/wp-json\/wp\/v2\/posts"}],"about":[{"href":"https:\/\/afcomunicacion.com\/en\/wp-json\/wp\/v2\/types\/post"}],"author":[{"embeddable":true,"href":"https:\/\/afcomunicacion.com\/en\/wp-json\/wp\/v2\/users\/3"}],"replies":[{"embeddable":true,"href":"https:\/\/afcomunicacion.com\/en\/wp-json\/wp\/v2\/comments?post=3735"}],"version-history":[{"count":0,"href":"https:\/\/afcomunicacion.com\/en\/wp-json\/wp\/v2\/posts\/3735\/revisions"}],"wp:featuredmedia":[{"embeddable":true,"href":"https:\/\/afcomunicacion.com\/en\/wp-json\/wp\/v2\/media\/3742"}],"wp:attachment":[{"href":"https:\/\/afcomunicacion.com\/en\/wp-json\/wp\/v2\/media?parent=3735"}],"wp:term":[{"taxonomy":"category","embeddable":true,"href":"https:\/\/afcomunicacion.com\/en\/wp-json\/wp\/v2\/categories?post=3735"},{"taxonomy":"post_tag","embeddable":true,"href":"https:\/\/afcomunicacion.com\/en\/wp-json\/wp\/v2\/tags?post=3735"}],"curies":[{"name":"wp","href":"https:\/\/api.w.org\/{rel}","templated":true}]}}